{"id":1012,"date":"2020-03-10T15:59:24","date_gmt":"2020-03-10T14:59:24","guid":{"rendered":"http:\/\/www.rinceoiri.cz\/rida\/?p=1012"},"modified":"2020-05-30T17:06:43","modified_gmt":"2020-05-30T17:06:43","slug":"kurzy-irskych-tancu-tento-tyden-bratislava-feis-covid-19","status":"publish","type":"post","link":"https:\/\/www.rinceoiri.cz\/en\/aktuality\/kurzy-irskych-tancu-tento-tyden-bratislava-feis-covid-19\/","title":{"rendered":"Kurzy irsk\u00fdch tanc\u016f tento t\u00fdden + Bratislava feis (Covid-19) &#8211; ZM\u011aNA!"},"content":{"rendered":"<p>Mil\u00ed tane\u010dn\u00edci,<\/p>\n<p>omlouv\u00e1me se za zmatek, ale situace se ka\u017ed\u00fdm dnem m\u011bn\u00ed a mi ji nejsme schopni nijak ovlivnit. V tomto t\u00fddnu (9.-13.3.2020) se nakonec RU\u0160\u00cd v\u0161echny kurzy na Palmovce a na Koh-i-nooru, proto\u017ee se tyto \u0161koly \u00fapln\u011b uzav\u00edraj\u00ed. Kurzy na Z\u0160 T\u00e1borsk\u00e9 zat\u00edm zru\u0161eny nebyly. Pokud by k tomu do\u0161lo, budeme v\u00e1s samoz\u0159ejm\u011b informovat.<\/p>\n<p>S l\u00edtost\u00ed v\u00e1m ale mus\u00edme ozn\u00e1mit, \u017ee byla zru\u0161ena sout\u011b\u017e v Bratislav\u011b, kter\u00e1 se m\u011bla uskute\u010dnit ve dnech 28. a 29. 3. 2020. V\u0161echny tane\u010dn\u00edky u\u017e jsme odhl\u00e1sili, startovn\u00e9 sv\u00fdm lektor\u016fm tedy nenoste.<\/p>\n<p>P\u0159ejeme v\u00e1m pevn\u00e9 nervy i zdrav\u00ed! \ud83d\ude42<\/p>","protected":false},"excerpt":{"rendered":"<p>Mil\u00ed tane\u010dn\u00edci, omlouv\u00e1me se za zmatek, ale situace se ka\u017ed\u00fdm dnem m\u011bn\u00ed a mi ji nejsme schopni nijak ovlivnit. V tomto t\u00fddnu (9.-13.3.2020) se nakonec RU\u0160\u00cd v\u0161echny kurzy na Palmovce a na Koh-i-nooru, proto\u017ee se tyto \u0161koly \u00fapln\u011b uzav\u00edraj\u00ed. Kurzy na Z\u0160 T\u00e1borsk\u00e9 zat\u00edm zru\u0161eny nebyly. Pokud by k tomu do\u0161lo, budeme v\u00e1s samoz\u0159ejm\u011b informovat. [&hellip;]<\/p>","protected":false},"author":1,"featured_media":0,"comment_status":"open","ping_status":"open","sticky":false,"template":"","format":"standard","meta":[],"categories":[9,10],"tags":[],"yoast_head":"<!-- This site is optimized with the Yoast SEO plugin v19.6 - https:\/\/yoast.com\/wordpress\/plugins\/seo\/ -->\n<title>Kurzy irsk\u00fdch tanc\u016f tento t\u00fdden + Bratislava feis (Covid-19) - ZM\u011aNA! - Rinceoir\u00ed - klub irsk\u00fdch tanc\u016f<\/title>\n<meta name=\"robots\" content=\"index, follow, max-snippet:-1, max-image-preview:large, max-video-preview:-1\" \/>\n<link rel=\"canonical\" href=\"https:\/\/www.rinceoiri.cz\/en\/aktuality\/kurzy-irskych-tancu-tento-tyden-bratislava-feis-covid-19\/\" \/>\n<meta property=\"og:locale\" content=\"en_GB\" \/>\n<meta property=\"og:type\" content=\"article\" \/>\n<meta property=\"og:title\" content=\"Kurzy irsk\u00fdch tanc\u016f tento t\u00fdden + Bratislava feis (Covid-19) - ZM\u011aNA! - Rinceoir\u00ed - klub irsk\u00fdch tanc\u016f\" \/>\n<meta property=\"og:description\" content=\"Mil\u00ed tane\u010dn\u00edci, omlouv\u00e1me se za zmatek, ale situace se ka\u017ed\u00fdm dnem m\u011bn\u00ed a mi ji nejsme schopni nijak ovlivnit. V tomto t\u00fddnu (9.-13.3.2020) se nakonec RU\u0160\u00cd v\u0161echny kurzy na Palmovce a na Koh-i-nooru, proto\u017ee se tyto \u0161koly \u00fapln\u011b uzav\u00edraj\u00ed. Kurzy na Z\u0160 T\u00e1borsk\u00e9 zat\u00edm zru\u0161eny nebyly. Pokud by k tomu do\u0161lo, budeme v\u00e1s samoz\u0159ejm\u011b informovat. [&hellip;]\" \/>\n<meta property=\"og:url\" content=\"https:\/\/www.rinceoiri.cz\/en\/aktuality\/kurzy-irskych-tancu-tento-tyden-bratislava-feis-covid-19\/\" \/>\n<meta property=\"og:site_name\" content=\"Rinceoir\u00ed - klub irsk\u00fdch tanc\u016f\" \/>\n<meta property=\"article:publisher\" content=\"https:\/\/www.facebook.com\/rinceoiri\/\" \/>\n<meta property=\"article:published_time\" content=\"2020-03-10T14:59:24+00:00\" \/>\n<meta property=\"article:modified_time\" content=\"2020-05-30T17:06:43+00:00\" \/>\n<meta name=\"author\" content=\"admin\" \/>\n<meta name=\"twitter:card\" content=\"summary_large_image\" \/>\n<meta name=\"twitter:label1\" content=\"Written by\" \/>\n\t<meta name=\"twitter:data1\" content=\"admin\" \/>\n\t<meta name=\"twitter:label2\" content=\"Estimated reading time\" \/>\n\t<meta name=\"twitter:data2\" content=\"1 minute\" \/>\n<script type=\"application\/ld+json\" class=\"yoast-schema-graph\">{\"@context\":\"https:\/\/schema.org\",\"@graph\":[{\"@type\":\"Article\",\"@id\":\"https:\/\/www.rinceoiri.cz\/aktuality\/kurzy-irskych-tancu-tento-tyden-bratislava-feis-covid-19\/#article\",\"isPartOf\":{\"@id\":\"https:\/\/www.rinceoiri.cz\/aktuality\/kurzy-irskych-tancu-tento-tyden-bratislava-feis-covid-19\/\"},\"author\":{\"name\":\"admin\",\"@id\":\"https:\/\/www.rinceoiri.cz\/#\/schema\/person\/0bc32ce63766655bbfc923f9e237dde4\"},\"headline\":\"Kurzy irsk\u00fdch tanc\u016f tento t\u00fdden + Bratislava feis (Covid-19) &#8211; ZM\u011aNA!\",\"datePublished\":\"2020-03-10T14:59:24+00:00\",\"dateModified\":\"2020-05-30T17:06:43+00:00\",\"mainEntityOfPage\":{\"@id\":\"https:\/\/www.rinceoiri.cz\/aktuality\/kurzy-irskych-tancu-tento-tyden-bratislava-feis-covid-19\/\"},\"wordCount\":134,\"commentCount\":0,\"publisher\":{\"@id\":\"https:\/\/www.rinceoiri.cz\/#organization\"},\"articleSection\":[\"Aktuality\",\"Neza\u0159azen\u00e9\"],\"inLanguage\":\"en-GB\",\"potentialAction\":[{\"@type\":\"CommentAction\",\"name\":\"Comment\",\"target\":[\"https:\/\/www.rinceoiri.cz\/aktuality\/kurzy-irskych-tancu-tento-tyden-bratislava-feis-covid-19\/#respond\"]}]},{\"@type\":\"WebPage\",\"@id\":\"https:\/\/www.rinceoiri.cz\/aktuality\/kurzy-irskych-tancu-tento-tyden-bratislava-feis-covid-19\/\",\"url\":\"https:\/\/www.rinceoiri.cz\/aktuality\/kurzy-irskych-tancu-tento-tyden-bratislava-feis-covid-19\/\",\"name\":\"Kurzy irsk\u00fdch tanc\u016f tento t\u00fdden + Bratislava feis (Covid-19) - ZM\u011aNA! - Rinceoir\u00ed - klub irsk\u00fdch tanc\u016f\",\"isPartOf\":{\"@id\":\"https:\/\/www.rinceoiri.cz\/#website\"},\"datePublished\":\"2020-03-10T14:59:24+00:00\",\"dateModified\":\"2020-05-30T17:06:43+00:00\",\"breadcrumb\":{\"@id\":\"https:\/\/www.rinceoiri.cz\/aktuality\/kurzy-irskych-tancu-tento-tyden-bratislava-feis-covid-19\/#breadcrumb\"},\"inLanguage\":\"en-GB\",\"potentialAction\":[{\"@type\":\"ReadAction\",\"target\":[\"https:\/\/www.rinceoiri.cz\/aktuality\/kurzy-irskych-tancu-tento-tyden-bratislava-feis-covid-19\/\"]}]},{\"@type\":\"BreadcrumbList\",\"@id\":\"https:\/\/www.rinceoiri.cz\/aktuality\/kurzy-irskych-tancu-tento-tyden-bratislava-feis-covid-19\/#breadcrumb\",\"itemListElement\":[{\"@type\":\"ListItem\",\"position\":1,\"name\":\"Dom\u016f\",\"item\":\"https:\/\/www.rinceoiri.cz\/\"},{\"@type\":\"ListItem\",\"position\":2,\"name\":\"Kurzy irsk\u00fdch tanc\u016f tento t\u00fdden + Bratislava feis (Covid-19) &#8211; ZM\u011aNA!\"}]},{\"@type\":\"WebSite\",\"@id\":\"https:\/\/www.rinceoiri.cz\/#website\",\"url\":\"https:\/\/www.rinceoiri.cz\/\",\"name\":\"Rinceoir\u00ed - klub irsk\u00fdch tanc\u016f\",\"description\":\"V\u00fduka irsk\u00fdch tanc\u016f, irsk\u00e9 tance - nab\u00eddka vystoupen\u00ed\",\"publisher\":{\"@id\":\"https:\/\/www.rinceoiri.cz\/#organization\"},\"potentialAction\":[{\"@type\":\"SearchAction\",\"target\":{\"@type\":\"EntryPoint\",\"urlTemplate\":\"https:\/\/www.rinceoiri.cz\/?s={search_term_string}\"},\"query-input\":\"required name=search_term_string\"}],\"inLanguage\":\"en-GB\"},{\"@type\":\"Organization\",\"@id\":\"https:\/\/www.rinceoiri.cz\/#organization\",\"name\":\"Rinceoir\u00ed\",\"url\":\"https:\/\/www.rinceoiri.cz\/\",\"sameAs\":[\"https:\/\/www.instagram.com\/rinceoiri\/\",\"https:\/\/www.youtube.com\/channel\/UCtSffFpv2_EKMMuwlOJynnA\",\"https:\/\/www.facebook.com\/rinceoiri\/\"],\"logo\":{\"@type\":\"ImageObject\",\"inLanguage\":\"en-GB\",\"@id\":\"https:\/\/www.rinceoiri.cz\/#\/schema\/logo\/image\/\",\"url\":\"https:\/\/www.rinceoiri.cz\/wp-content\/uploads\/2020\/06\/Logo-Rince-bez-pozadi_cerne-e1591875742917.png\",\"contentUrl\":\"https:\/\/www.rinceoiri.cz\/wp-content\/uploads\/2020\/06\/Logo-Rince-bez-pozadi_cerne-e1591875742917.png\",\"width\":400,\"height\":87,\"caption\":\"Rinceoir\u00ed\"},\"image\":{\"@id\":\"https:\/\/www.rinceoiri.cz\/#\/schema\/logo\/image\/\"}},{\"@type\":\"Person\",\"@id\":\"https:\/\/www.rinceoiri.cz\/#\/schema\/person\/0bc32ce63766655bbfc923f9e237dde4\",\"name\":\"admin\",\"image\":{\"@type\":\"ImageObject\",\"inLanguage\":\"en-GB\",\"@id\":\"https:\/\/www.rinceoiri.cz\/#\/schema\/person\/image\/\",\"url\":\"https:\/\/secure.gravatar.com\/avatar\/0d0f6a8b78a849f1d5e9a3d4e07f0478?s=96&d=mm&r=g\",\"contentUrl\":\"https:\/\/secure.gravatar.com\/avatar\/0d0f6a8b78a849f1d5e9a3d4e07f0478?s=96&d=mm&r=g\",\"caption\":\"admin\"}}]}<\/script>\n<!-- \/ Yoast SEO plugin. -->","yoast_head_json":{"title":"Kurzy irsk\u00fdch tanc\u016f tento t\u00fdden + Bratislava feis (Covid-19) - ZM\u011aNA! - Rinceoir\u00ed - klub irsk\u00fdch tanc\u016f","robots":{"index":"index","follow":"follow","max-snippet":"max-snippet:-1","max-image-preview":"max-image-preview:large","max-video-preview":"max-video-preview:-1"},"canonical":"https:\/\/www.rinceoiri.cz\/en\/aktuality\/kurzy-irskych-tancu-tento-tyden-bratislava-feis-covid-19\/","og_locale":"en_GB","og_type":"article","og_title":"Kurzy irsk\u00fdch tanc\u016f tento t\u00fdden + Bratislava feis (Covid-19) - ZM\u011aNA! - Rinceoir\u00ed - klub irsk\u00fdch tanc\u016f","og_description":"Mil\u00ed tane\u010dn\u00edci, omlouv\u00e1me se za zmatek, ale situace se ka\u017ed\u00fdm dnem m\u011bn\u00ed a mi ji nejsme schopni nijak ovlivnit. V tomto t\u00fddnu (9.-13.3.2020) se nakonec RU\u0160\u00cd v\u0161echny kurzy na Palmovce a na Koh-i-nooru, proto\u017ee se tyto \u0161koly \u00fapln\u011b uzav\u00edraj\u00ed. Kurzy na Z\u0160 T\u00e1borsk\u00e9 zat\u00edm zru\u0161eny nebyly. Pokud by k tomu do\u0161lo, budeme v\u00e1s samoz\u0159ejm\u011b informovat. [&hellip;]","og_url":"https:\/\/www.rinceoiri.cz\/en\/aktuality\/kurzy-irskych-tancu-tento-tyden-bratislava-feis-covid-19\/","og_site_name":"Rinceoir\u00ed - klub irsk\u00fdch tanc\u016f","article_publisher":"https:\/\/www.facebook.com\/rinceoiri\/","article_published_time":"2020-03-10T14:59:24+00:00","article_modified_time":"2020-05-30T17:06:43+00:00","author":"admin","twitter_card":"summary_large_image","twitter_misc":{"Written by":"admin","Estimated reading time":"1 minute"},"schema":{"@context":"https:\/\/schema.org","@graph":[{"@type":"Article","@id":"https:\/\/www.rinceoiri.cz\/aktuality\/kurzy-irskych-tancu-tento-tyden-bratislava-feis-covid-19\/#article","isPartOf":{"@id":"https:\/\/www.rinceoiri.cz\/aktuality\/kurzy-irskych-tancu-tento-tyden-bratislava-feis-covid-19\/"},"author":{"name":"admin","@id":"https:\/\/www.rinceoiri.cz\/#\/schema\/person\/0bc32ce63766655bbfc923f9e237dde4"},"headline":"Kurzy irsk\u00fdch tanc\u016f tento t\u00fdden + Bratislava feis (Covid-19) &#8211; ZM\u011aNA!","datePublished":"2020-03-10T14:59:24+00:00","dateModified":"2020-05-30T17:06:43+00:00","mainEntityOfPage":{"@id":"https:\/\/www.rinceoiri.cz\/aktuality\/kurzy-irskych-tancu-tento-tyden-bratislava-feis-covid-19\/"},"wordCount":134,"commentCount":0,"publisher":{"@id":"https:\/\/www.rinceoiri.cz\/#organization"},"articleSection":["Aktuality","Neza\u0159azen\u00e9"],"inLanguage":"en-GB","potentialAction":[{"@type":"CommentAction","name":"Comment","target":["https:\/\/www.rinceoiri.cz\/aktuality\/kurzy-irskych-tancu-tento-tyden-bratislava-feis-covid-19\/#respond"]}]},{"@type":"WebPage","@id":"https:\/\/www.rinceoiri.cz\/aktuality\/kurzy-irskych-tancu-tento-tyden-bratislava-feis-covid-19\/","url":"https:\/\/www.rinceoiri.cz\/aktuality\/kurzy-irskych-tancu-tento-tyden-bratislava-feis-covid-19\/","name":"Kurzy irsk\u00fdch tanc\u016f tento t\u00fdden + Bratislava feis (Covid-19) - ZM\u011aNA! - Rinceoir\u00ed - klub irsk\u00fdch tanc\u016f","isPartOf":{"@id":"https:\/\/www.rinceoiri.cz\/#website"},"datePublished":"2020-03-10T14:59:24+00:00","dateModified":"2020-05-30T17:06:43+00:00","breadcrumb":{"@id":"https:\/\/www.rinceoiri.cz\/aktuality\/kurzy-irskych-tancu-tento-tyden-bratislava-feis-covid-19\/#breadcrumb"},"inLanguage":"en-GB","potentialAction":[{"@type":"ReadAction","target":["https:\/\/www.rinceoiri.cz\/aktuality\/kurzy-irskych-tancu-tento-tyden-bratislava-feis-covid-19\/"]}]},{"@type":"BreadcrumbList","@id":"https:\/\/www.rinceoiri.cz\/aktuality\/kurzy-irskych-tancu-tento-tyden-bratislava-feis-covid-19\/#breadcrumb","itemListElement":[{"@type":"ListItem","position":1,"name":"Dom\u016f","item":"https:\/\/www.rinceoiri.cz\/"},{"@type":"ListItem","position":2,"name":"Kurzy irsk\u00fdch tanc\u016f tento t\u00fdden + Bratislava feis (Covid-19) &#8211; ZM\u011aNA!"}]},{"@type":"WebSite","@id":"https:\/\/www.rinceoiri.cz\/#website","url":"https:\/\/www.rinceoiri.cz\/","name":"Rinceoir\u00ed - klub irsk\u00fdch tanc\u016f","description":"V\u00fduka irsk\u00fdch tanc\u016f, irsk\u00e9 tance - nab\u00eddka vystoupen\u00ed","publisher":{"@id":"https:\/\/www.rinceoiri.cz\/#organization"},"potentialAction":[{"@type":"SearchAction","target":{"@type":"EntryPoint","urlTemplate":"https:\/\/www.rinceoiri.cz\/?s={search_term_string}"},"query-input":"required name=search_term_string"}],"inLanguage":"en-GB"},{"@type":"Organization","@id":"https:\/\/www.rinceoiri.cz\/#organization","name":"Rinceoir\u00ed","url":"https:\/\/www.rinceoiri.cz\/","sameAs":["https:\/\/www.instagram.com\/rinceoiri\/","https:\/\/www.youtube.com\/channel\/UCtSffFpv2_EKMMuwlOJynnA","https:\/\/www.facebook.com\/rinceoiri\/"],"logo":{"@type":"ImageObject","inLanguage":"en-GB","@id":"https:\/\/www.rinceoiri.cz\/#\/schema\/logo\/image\/","url":"https:\/\/www.rinceoiri.cz\/wp-content\/uploads\/2020\/06\/Logo-Rince-bez-pozadi_cerne-e1591875742917.png","contentUrl":"https:\/\/www.rinceoiri.cz\/wp-content\/uploads\/2020\/06\/Logo-Rince-bez-pozadi_cerne-e1591875742917.png","width":400,"height":87,"caption":"Rinceoir\u00ed"},"image":{"@id":"https:\/\/www.rinceoiri.cz\/#\/schema\/logo\/image\/"}},{"@type":"Person","@id":"https:\/\/www.rinceoiri.cz\/#\/schema\/person\/0bc32ce63766655bbfc923f9e237dde4","name":"admin","image":{"@type":"ImageObject","inLanguage":"en-GB","@id":"https:\/\/www.rinceoiri.cz\/#\/schema\/person\/image\/","url":"https:\/\/secure.gravatar.com\/avatar\/0d0f6a8b78a849f1d5e9a3d4e07f0478?s=96&d=mm&r=g","contentUrl":"https:\/\/secure.gravatar.com\/avatar\/0d0f6a8b78a849f1d5e9a3d4e07f0478?s=96&d=mm&r=g","caption":"admin"}}]}},"_links":{"self":[{"href":"https:\/\/www.rinceoiri.cz\/en\/wp-json\/wp\/v2\/posts\/1012"}],"collection":[{"href":"https:\/\/www.rinceoiri.cz\/en\/wp-json\/wp\/v2\/posts"}],"about":[{"href":"https:\/\/www.rinceoiri.cz\/en\/wp-json\/wp\/v2\/types\/post"}],"author":[{"embeddable":true,"href":"https:\/\/www.rinceoiri.cz\/en\/wp-json\/wp\/v2\/users\/1"}],"replies":[{"embeddable":true,"href":"https:\/\/www.rinceoiri.cz\/en\/wp-json\/wp\/v2\/comments?post=1012"}],"version-history":[{"count":1,"href":"https:\/\/www.rinceoiri.cz\/en\/wp-json\/wp\/v2\/posts\/1012\/revisions"}],"predecessor-version":[{"id":1020,"href":"https:\/\/www.rinceoiri.cz\/en\/wp-json\/wp\/v2\/posts\/1012\/revisions\/1020"}],"wp:attachment":[{"href":"https:\/\/www.rinceoiri.cz\/en\/wp-json\/wp\/v2\/media?parent=1012"}],"wp:term":[{"taxonomy":"category","embeddable":true,"href":"https:\/\/www.rinceoiri.cz\/en\/wp-json\/wp\/v2\/categories?post=1012"},{"taxonomy":"post_tag","embeddable":true,"href":"https:\/\/www.rinceoiri.cz\/en\/wp-json\/wp\/v2\/tags?post=1012"}],"curies":[{"name":"wp","href":"https:\/\/api.w.org\/{rel}","templated":true}]}}