{"id":1768,"date":"2020-10-29T13:36:33","date_gmt":"2020-10-29T13:36:33","guid":{"rendered":"https:\/\/www.rinceoiri.cz\/?p=1768"},"modified":"2020-10-29T14:59:21","modified_gmt":"2020-10-29T14:59:21","slug":"ochutnej-irsky-tanec-leden-2021","status":"publish","type":"post","link":"https:\/\/www.rinceoiri.cz\/en\/aktuality\/ochutnej-irsky-tanec-leden-2021\/","title":{"rendered":"Ochutnej irsk\u00fd tanec &#8211; leden 2021"},"content":{"rendered":"<p>V\u00e1noce pomalu klepou na dve\u0159e a vy si l\u00e1mete hlavu, co d\u00e1te pod strome\u010dek? Nebo byste si v nov\u00e9m roce cht\u011bli vyzkou\u0161et n\u011bco nov\u00e9ho, p\u0159i \u010dem si budete moct zlep\u0161it kondici? Co takhle si zkusit&nbsp;zatan\u010dit za zvuku podmaniv\u00e9 irsk\u00e9 hudby na dvouhodinov\u00e9 lekci pro za\u010d\u00e1te\u010dn\u00edky? Na v\u00fdb\u011br m\u00e1te rovnou ze dvou term\u00edn\u016f, aby se mohl z\u00fa\u010dastnit skute\u010dn\u011b ka\u017ed\u00fd. Nav\u00edc darovat z\u00e1\u017eitek je jedna z nejlep\u0161\u00edch v\u011bc\u00ed &#8211; nikdo v\u00e1m ho nevezme.<\/p>\n\n\n\n<p>Pod veden\u00edm mil\u00fdch a zku\u0161en\u00fdch lektor\u016f se nau\u010d\u00edte z\u00e1kladn\u00ed kroky irsk\u00e9ho tance v m\u011bkk\u00fdch bot\u00e1ch (tzv. soft shoes), jednoduch\u00e9 tance a na z\u00e1v\u011br si zatan\u010d\u00edte kr\u00e1tkou choreografii. Kurz je vhodn\u00fd pro dosp\u011bl\u00e9 a d\u011bti od 12 let.<\/p>\n\n\n\n<p>Nemus\u00edte se b\u00e1t, \u017ee bychom po V\u00e1s na semin\u00e1\u0159i cht\u011bli dokonal\u00e9 v\u00fdkony, jde sp\u00ed\u0161e o&nbsp;to si zatancovat, pobavit se a&nbsp;vyzkou\u0161et n\u011bco nov\u00e9ho. Pokud by V\u00e1s irsk\u00fd tanec zaujal natolik, \u017ee byste se mu cht\u011bli v\u011bnovat d\u00e1l, nab\u00edz\u00edme spoustu kurz\u016f pro d\u011bti i&nbsp;dosp\u011bl\u00e9 v&nbsp;Rinceoir\u00ed Irish Dance Academy.<\/p>\n\n\n\n<p><strong>Co budete pot\u0159ebovat? &nbsp;&nbsp;&nbsp;<\/strong><\/p>\n\n\n\n<p>Pohodln\u00e9 sportovn\u00ed oble\u010den\u00ed, boty \u2013 baletn\u00ed pi\u0161koty (pokud m\u00e1te) nebo m\u011bk\u010d\u00ed tenisky s b\u00edlou podr\u00e1\u017ekou (aby nebarvily podlahu t\u011blocvi\u010dny), dostatek vody a mal\u00fd ru\u010dn\u00edk.<\/p>\n\n\n\n<p class=\"tanec\"><strong>Term\u00edny<\/strong>:&nbsp; 10. 1. a 17. 1. 2021&nbsp;od 17:00 do 19:00<\/p>\n\n\n\n<p><strong>M\u00edsto:&nbsp;<\/strong>Hotelov\u00e1 \u0161kola Vr\u0161ovick\u00e1, Vr\u0161ovick\u00e1 43, Praha 10 (vstup lev\u00fdm hlavn\u00edm vchodem)<\/p>\n\n\n\n<p><strong>Cena:<\/strong>&nbsp;400 K\u010d<\/p>\n\n\n\n<p>Nav\u00edc ka\u017ed\u00fd, kdo se t\u00e9to akce z\u00fa\u010dastn\u00ed, dostane slevu 10% na kurzovn\u00e9 v nadch\u00e1zej\u00edc\u00edm pololet\u00ed!<\/p>\n\n\n\n<p>T\u011b\u0161\u00edme se na V\u00e1s!<\/p>","protected":false},"excerpt":{"rendered":"<p>V\u00e1noce pomalu klepou na dve\u0159e a vy si l\u00e1mete hlavu, co d\u00e1te pod strome\u010dek? Nebo byste si v nov\u00e9m roce cht\u011bli vyzkou\u0161et n\u011bco nov\u00e9ho, p\u0159i \u010dem si budete moct zlep\u0161it kondici? Co takhle si zkusit&nbsp;zatan\u010dit za zvuku podmaniv\u00e9 irsk\u00e9 hudby na dvouhodinov\u00e9 lekci pro za\u010d\u00e1te\u010dn\u00edky? Na v\u00fdb\u011br m\u00e1te rovnou ze dvou term\u00edn\u016f, aby se mohl [&hellip;]<\/p>","protected":false},"author":1,"featured_media":316,"comment_status":"open","ping_status":"open","sticky":false,"template":"","format":"standard","meta":[],"categories":[9],"tags":[15,12,14],"yoast_head":"<!-- This site is optimized with the Yoast SEO plugin v19.6 - https:\/\/yoast.com\/wordpress\/plugins\/seo\/ -->\n<title>Ochutnej irsk\u00fd tanec - leden 2021 - Rinceoir\u00ed - klub irsk\u00fdch tanc\u016f<\/title>\n<meta name=\"robots\" content=\"index, follow, max-snippet:-1, max-image-preview:large, max-video-preview:-1\" \/>\n<link rel=\"canonical\" href=\"https:\/\/www.rinceoiri.cz\/en\/aktuality\/ochutnej-irsky-tanec-leden-2021\/\" \/>\n<meta property=\"og:locale\" content=\"en_GB\" \/>\n<meta property=\"og:type\" content=\"article\" \/>\n<meta property=\"og:title\" content=\"Ochutnej irsk\u00fd tanec - leden 2021 - Rinceoir\u00ed - klub irsk\u00fdch tanc\u016f\" \/>\n<meta property=\"og:description\" content=\"V\u00e1noce pomalu klepou na dve\u0159e a vy si l\u00e1mete hlavu, co d\u00e1te pod strome\u010dek? Nebo byste si v nov\u00e9m roce cht\u011bli vyzkou\u0161et n\u011bco nov\u00e9ho, p\u0159i \u010dem si budete moct zlep\u0161it kondici? Co takhle si zkusit&nbsp;zatan\u010dit za zvuku podmaniv\u00e9 irsk\u00e9 hudby na dvouhodinov\u00e9 lekci pro za\u010d\u00e1te\u010dn\u00edky? Na v\u00fdb\u011br m\u00e1te rovnou ze dvou term\u00edn\u016f, aby se mohl [&hellip;]\" \/>\n<meta property=\"og:url\" content=\"https:\/\/www.rinceoiri.cz\/en\/aktuality\/ochutnej-irsky-tanec-leden-2021\/\" \/>\n<meta property=\"og:site_name\" content=\"Rinceoir\u00ed - klub irsk\u00fdch tanc\u016f\" \/>\n<meta property=\"article:publisher\" content=\"https:\/\/www.facebook.com\/rinceoiri\/\" \/>\n<meta property=\"article:published_time\" content=\"2020-10-29T13:36:33+00:00\" \/>\n<meta property=\"article:modified_time\" content=\"2020-10-29T14:59:21+00:00\" \/>\n<meta property=\"og:image\" content=\"https:\/\/www.rinceoiri.cz\/wp-content\/uploads\/2020\/05\/26_www.klapper.cz_.jpg\" \/>\n\t<meta property=\"og:image:width\" content=\"2000\" \/>\n\t<meta property=\"og:image:height\" content=\"951\" \/>\n\t<meta property=\"og:image:type\" content=\"image\/jpeg\" \/>\n<meta name=\"author\" content=\"admin\" \/>\n<meta name=\"twitter:card\" content=\"summary_large_image\" \/>\n<meta name=\"twitter:label1\" content=\"Written by\" \/>\n\t<meta name=\"twitter:data1\" content=\"admin\" \/>\n\t<meta name=\"twitter:label2\" content=\"Estimated reading time\" \/>\n\t<meta name=\"twitter:data2\" content=\"2 minutes\" \/>\n<script type=\"application\/ld+json\" class=\"yoast-schema-graph\">{\"@context\":\"https:\/\/schema.org\",\"@graph\":[{\"@type\":\"Article\",\"@id\":\"https:\/\/www.rinceoiri.cz\/aktuality\/ochutnej-irsky-tanec-leden-2021\/#article\",\"isPartOf\":{\"@id\":\"https:\/\/www.rinceoiri.cz\/aktuality\/ochutnej-irsky-tanec-leden-2021\/\"},\"author\":{\"name\":\"admin\",\"@id\":\"https:\/\/www.rinceoiri.cz\/#\/schema\/person\/0bc32ce63766655bbfc923f9e237dde4\"},\"headline\":\"Ochutnej irsk\u00fd tanec &#8211; leden 2021\",\"datePublished\":\"2020-10-29T13:36:33+00:00\",\"dateModified\":\"2020-10-29T14:59:21+00:00\",\"mainEntityOfPage\":{\"@id\":\"https:\/\/www.rinceoiri.cz\/aktuality\/ochutnej-irsky-tanec-leden-2021\/\"},\"wordCount\":323,\"commentCount\":0,\"publisher\":{\"@id\":\"https:\/\/www.rinceoiri.cz\/#organization\"},\"keywords\":[\"Lekce\",\"RIDA\",\"Rinceoir\u00ed\"],\"articleSection\":[\"Aktuality\"],\"inLanguage\":\"en-GB\",\"potentialAction\":[{\"@type\":\"CommentAction\",\"name\":\"Comment\",\"target\":[\"https:\/\/www.rinceoiri.cz\/aktuality\/ochutnej-irsky-tanec-leden-2021\/#respond\"]}]},{\"@type\":\"WebPage\",\"@id\":\"https:\/\/www.rinceoiri.cz\/aktuality\/ochutnej-irsky-tanec-leden-2021\/\",\"url\":\"https:\/\/www.rinceoiri.cz\/aktuality\/ochutnej-irsky-tanec-leden-2021\/\",\"name\":\"Ochutnej irsk\u00fd tanec - leden 2021 - Rinceoir\u00ed - klub irsk\u00fdch tanc\u016f\",\"isPartOf\":{\"@id\":\"https:\/\/www.rinceoiri.cz\/#website\"},\"datePublished\":\"2020-10-29T13:36:33+00:00\",\"dateModified\":\"2020-10-29T14:59:21+00:00\",\"breadcrumb\":{\"@id\":\"https:\/\/www.rinceoiri.cz\/aktuality\/ochutnej-irsky-tanec-leden-2021\/#breadcrumb\"},\"inLanguage\":\"en-GB\",\"potentialAction\":[{\"@type\":\"ReadAction\",\"target\":[\"https:\/\/www.rinceoiri.cz\/aktuality\/ochutnej-irsky-tanec-leden-2021\/\"]}]},{\"@type\":\"BreadcrumbList\",\"@id\":\"https:\/\/www.rinceoiri.cz\/aktuality\/ochutnej-irsky-tanec-leden-2021\/#breadcrumb\",\"itemListElement\":[{\"@type\":\"ListItem\",\"position\":1,\"name\":\"Dom\u016f\",\"item\":\"https:\/\/www.rinceoiri.cz\/\"},{\"@type\":\"ListItem\",\"position\":2,\"name\":\"Ochutnej irsk\u00fd tanec &#8211; leden 2021\"}]},{\"@type\":\"WebSite\",\"@id\":\"https:\/\/www.rinceoiri.cz\/#website\",\"url\":\"https:\/\/www.rinceoiri.cz\/\",\"name\":\"Rinceoir\u00ed - klub irsk\u00fdch tanc\u016f\",\"description\":\"V\u00fduka irsk\u00fdch tanc\u016f, irsk\u00e9 tance - nab\u00eddka vystoupen\u00ed\",\"publisher\":{\"@id\":\"https:\/\/www.rinceoiri.cz\/#organization\"},\"potentialAction\":[{\"@type\":\"SearchAction\",\"target\":{\"@type\":\"EntryPoint\",\"urlTemplate\":\"https:\/\/www.rinceoiri.cz\/?s={search_term_string}\"},\"query-input\":\"required name=search_term_string\"}],\"inLanguage\":\"en-GB\"},{\"@type\":\"Organization\",\"@id\":\"https:\/\/www.rinceoiri.cz\/#organization\",\"name\":\"Rinceoir\u00ed\",\"url\":\"https:\/\/www.rinceoiri.cz\/\",\"sameAs\":[\"https:\/\/www.instagram.com\/rinceoiri\/\",\"https:\/\/www.youtube.com\/channel\/UCtSffFpv2_EKMMuwlOJynnA\",\"https:\/\/www.facebook.com\/rinceoiri\/\"],\"logo\":{\"@type\":\"ImageObject\",\"inLanguage\":\"en-GB\",\"@id\":\"https:\/\/www.rinceoiri.cz\/#\/schema\/logo\/image\/\",\"url\":\"https:\/\/www.rinceoiri.cz\/wp-content\/uploads\/2020\/06\/Logo-Rince-bez-pozadi_cerne-e1591875742917.png\",\"contentUrl\":\"https:\/\/www.rinceoiri.cz\/wp-content\/uploads\/2020\/06\/Logo-Rince-bez-pozadi_cerne-e1591875742917.png\",\"width\":400,\"height\":87,\"caption\":\"Rinceoir\u00ed\"},\"image\":{\"@id\":\"https:\/\/www.rinceoiri.cz\/#\/schema\/logo\/image\/\"}},{\"@type\":\"Person\",\"@id\":\"https:\/\/www.rinceoiri.cz\/#\/schema\/person\/0bc32ce63766655bbfc923f9e237dde4\",\"name\":\"admin\",\"image\":{\"@type\":\"ImageObject\",\"inLanguage\":\"en-GB\",\"@id\":\"https:\/\/www.rinceoiri.cz\/#\/schema\/person\/image\/\",\"url\":\"https:\/\/secure.gravatar.com\/avatar\/0d0f6a8b78a849f1d5e9a3d4e07f0478?s=96&d=mm&r=g\",\"contentUrl\":\"https:\/\/secure.gravatar.com\/avatar\/0d0f6a8b78a849f1d5e9a3d4e07f0478?s=96&d=mm&r=g\",\"caption\":\"admin\"}}]}<\/script>\n<!-- \/ Yoast SEO plugin. -->","yoast_head_json":{"title":"Ochutnej irsk\u00fd tanec - leden 2021 - Rinceoir\u00ed - klub irsk\u00fdch tanc\u016f","robots":{"index":"index","follow":"follow","max-snippet":"max-snippet:-1","max-image-preview":"max-image-preview:large","max-video-preview":"max-video-preview:-1"},"canonical":"https:\/\/www.rinceoiri.cz\/en\/aktuality\/ochutnej-irsky-tanec-leden-2021\/","og_locale":"en_GB","og_type":"article","og_title":"Ochutnej irsk\u00fd tanec - leden 2021 - Rinceoir\u00ed - klub irsk\u00fdch tanc\u016f","og_description":"V\u00e1noce pomalu klepou na dve\u0159e a vy si l\u00e1mete hlavu, co d\u00e1te pod strome\u010dek? Nebo byste si v nov\u00e9m roce cht\u011bli vyzkou\u0161et n\u011bco nov\u00e9ho, p\u0159i \u010dem si budete moct zlep\u0161it kondici? Co takhle si zkusit&nbsp;zatan\u010dit za zvuku podmaniv\u00e9 irsk\u00e9 hudby na dvouhodinov\u00e9 lekci pro za\u010d\u00e1te\u010dn\u00edky? Na v\u00fdb\u011br m\u00e1te rovnou ze dvou term\u00edn\u016f, aby se mohl [&hellip;]","og_url":"https:\/\/www.rinceoiri.cz\/en\/aktuality\/ochutnej-irsky-tanec-leden-2021\/","og_site_name":"Rinceoir\u00ed - klub irsk\u00fdch tanc\u016f","article_publisher":"https:\/\/www.facebook.com\/rinceoiri\/","article_published_time":"2020-10-29T13:36:33+00:00","article_modified_time":"2020-10-29T14:59:21+00:00","og_image":[{"width":2000,"height":951,"url":"https:\/\/www.rinceoiri.cz\/wp-content\/uploads\/2020\/05\/26_www.klapper.cz_.jpg","type":"image\/jpeg"}],"author":"admin","twitter_card":"summary_large_image","twitter_misc":{"Written by":"admin","Estimated reading time":"2 minutes"},"schema":{"@context":"https:\/\/schema.org","@graph":[{"@type":"Article","@id":"https:\/\/www.rinceoiri.cz\/aktuality\/ochutnej-irsky-tanec-leden-2021\/#article","isPartOf":{"@id":"https:\/\/www.rinceoiri.cz\/aktuality\/ochutnej-irsky-tanec-leden-2021\/"},"author":{"name":"admin","@id":"https:\/\/www.rinceoiri.cz\/#\/schema\/person\/0bc32ce63766655bbfc923f9e237dde4"},"headline":"Ochutnej irsk\u00fd tanec &#8211; leden 2021","datePublished":"2020-10-29T13:36:33+00:00","dateModified":"2020-10-29T14:59:21+00:00","mainEntityOfPage":{"@id":"https:\/\/www.rinceoiri.cz\/aktuality\/ochutnej-irsky-tanec-leden-2021\/"},"wordCount":323,"commentCount":0,"publisher":{"@id":"https:\/\/www.rinceoiri.cz\/#organization"},"keywords":["Lekce","RIDA","Rinceoir\u00ed"],"articleSection":["Aktuality"],"inLanguage":"en-GB","potentialAction":[{"@type":"CommentAction","name":"Comment","target":["https:\/\/www.rinceoiri.cz\/aktuality\/ochutnej-irsky-tanec-leden-2021\/#respond"]}]},{"@type":"WebPage","@id":"https:\/\/www.rinceoiri.cz\/aktuality\/ochutnej-irsky-tanec-leden-2021\/","url":"https:\/\/www.rinceoiri.cz\/aktuality\/ochutnej-irsky-tanec-leden-2021\/","name":"Ochutnej irsk\u00fd tanec - leden 2021 - Rinceoir\u00ed - klub irsk\u00fdch tanc\u016f","isPartOf":{"@id":"https:\/\/www.rinceoiri.cz\/#website"},"datePublished":"2020-10-29T13:36:33+00:00","dateModified":"2020-10-29T14:59:21+00:00","breadcrumb":{"@id":"https:\/\/www.rinceoiri.cz\/aktuality\/ochutnej-irsky-tanec-leden-2021\/#breadcrumb"},"inLanguage":"en-GB","potentialAction":[{"@type":"ReadAction","target":["https:\/\/www.rinceoiri.cz\/aktuality\/ochutnej-irsky-tanec-leden-2021\/"]}]},{"@type":"BreadcrumbList","@id":"https:\/\/www.rinceoiri.cz\/aktuality\/ochutnej-irsky-tanec-leden-2021\/#breadcrumb","itemListElement":[{"@type":"ListItem","position":1,"name":"Dom\u016f","item":"https:\/\/www.rinceoiri.cz\/"},{"@type":"ListItem","position":2,"name":"Ochutnej irsk\u00fd tanec &#8211; leden 2021"}]},{"@type":"WebSite","@id":"https:\/\/www.rinceoiri.cz\/#website","url":"https:\/\/www.rinceoiri.cz\/","name":"Rinceoir\u00ed - klub irsk\u00fdch tanc\u016f","description":"V\u00fduka irsk\u00fdch tanc\u016f, irsk\u00e9 tance - nab\u00eddka vystoupen\u00ed","publisher":{"@id":"https:\/\/www.rinceoiri.cz\/#organization"},"potentialAction":[{"@type":"SearchAction","target":{"@type":"EntryPoint","urlTemplate":"https:\/\/www.rinceoiri.cz\/?s={search_term_string}"},"query-input":"required name=search_term_string"}],"inLanguage":"en-GB"},{"@type":"Organization","@id":"https:\/\/www.rinceoiri.cz\/#organization","name":"Rinceoir\u00ed","url":"https:\/\/www.rinceoiri.cz\/","sameAs":["https:\/\/www.instagram.com\/rinceoiri\/","https:\/\/www.youtube.com\/channel\/UCtSffFpv2_EKMMuwlOJynnA","https:\/\/www.facebook.com\/rinceoiri\/"],"logo":{"@type":"ImageObject","inLanguage":"en-GB","@id":"https:\/\/www.rinceoiri.cz\/#\/schema\/logo\/image\/","url":"https:\/\/www.rinceoiri.cz\/wp-content\/uploads\/2020\/06\/Logo-Rince-bez-pozadi_cerne-e1591875742917.png","contentUrl":"https:\/\/www.rinceoiri.cz\/wp-content\/uploads\/2020\/06\/Logo-Rince-bez-pozadi_cerne-e1591875742917.png","width":400,"height":87,"caption":"Rinceoir\u00ed"},"image":{"@id":"https:\/\/www.rinceoiri.cz\/#\/schema\/logo\/image\/"}},{"@type":"Person","@id":"https:\/\/www.rinceoiri.cz\/#\/schema\/person\/0bc32ce63766655bbfc923f9e237dde4","name":"admin","image":{"@type":"ImageObject","inLanguage":"en-GB","@id":"https:\/\/www.rinceoiri.cz\/#\/schema\/person\/image\/","url":"https:\/\/secure.gravatar.com\/avatar\/0d0f6a8b78a849f1d5e9a3d4e07f0478?s=96&d=mm&r=g","contentUrl":"https:\/\/secure.gravatar.com\/avatar\/0d0f6a8b78a849f1d5e9a3d4e07f0478?s=96&d=mm&r=g","caption":"admin"}}]}},"_links":{"self":[{"href":"https:\/\/www.rinceoiri.cz\/en\/wp-json\/wp\/v2\/posts\/1768"}],"collection":[{"href":"https:\/\/www.rinceoiri.cz\/en\/wp-json\/wp\/v2\/posts"}],"about":[{"href":"https:\/\/www.rinceoiri.cz\/en\/wp-json\/wp\/v2\/types\/post"}],"author":[{"embeddable":true,"href":"https:\/\/www.rinceoiri.cz\/en\/wp-json\/wp\/v2\/users\/1"}],"replies":[{"embeddable":true,"href":"https:\/\/www.rinceoiri.cz\/en\/wp-json\/wp\/v2\/comments?post=1768"}],"version-history":[{"count":4,"href":"https:\/\/www.rinceoiri.cz\/en\/wp-json\/wp\/v2\/posts\/1768\/revisions"}],"predecessor-version":[{"id":1773,"href":"https:\/\/www.rinceoiri.cz\/en\/wp-json\/wp\/v2\/posts\/1768\/revisions\/1773"}],"wp:featuredmedia":[{"embeddable":true,"href":"https:\/\/www.rinceoiri.cz\/en\/wp-json\/wp\/v2\/media\/316"}],"wp:attachment":[{"href":"https:\/\/www.rinceoiri.cz\/en\/wp-json\/wp\/v2\/media?parent=1768"}],"wp:term":[{"taxonomy":"category","embeddable":true,"href":"https:\/\/www.rinceoiri.cz\/en\/wp-json\/wp\/v2\/categories?post=1768"},{"taxonomy":"post_tag","embeddable":true,"href":"https:\/\/www.rinceoiri.cz\/en\/wp-json\/wp\/v2\/tags?post=1768"}],"curies":[{"name":"wp","href":"https:\/\/api.w.org\/{rel}","templated":true}]}}