{"id":1888,"date":"2022-02-02T22:12:21","date_gmt":"2022-02-02T22:12:21","guid":{"rendered":"https:\/\/www.rinceoiri.cz\/?p=1888"},"modified":"2022-02-02T22:15:20","modified_gmt":"2022-02-02T22:15:20","slug":"ochutnej-irsky-tanec-brezen-2022","status":"publish","type":"post","link":"https:\/\/www.rinceoiri.cz\/en\/aktuality\/ochutnej-irsky-tanec-brezen-2022\/","title":{"rendered":"Ochutnej irsk\u00fd tanec &#8211; b\u0159ezen 2022"},"content":{"rendered":"<p>Rozhodli jsme se, \u017ee ochutn\u00e1vkovou lekci mus\u00edme ud\u011blat \u010dast\u011bji, ne\u017e dvakr\u00e1t do roka. Na vyzkou\u0161en\u00ed n\u011b\u010deho nov\u00e9ho je toti\u017e spr\u00e1vn\u00fd \u010das \u00fapln\u011b v\u017edycky! Proto v\u00e1m p\u0159in\u00e1\u0161\u00edme dal\u0161\u00ed dva b\u0159eznov\u00e9 term\u00edny!<br><br>A co v\u00e1s \u010dek\u00e1?<\/p>\n\n\n\n<p>Pod veden\u00edm mil\u00fdch a zku\u0161en\u00fdch lektorek se nau\u010d\u00edte z\u00e1kladn\u00ed kroky irsk\u00e9ho tance v m\u011bkk\u00fdch bot\u00e1ch (tzv. soft shoes), jednoduch\u00e9 tance a na z\u00e1v\u011br si zatan\u010d\u00edte kr\u00e1tkou choreografii. Kurz je vhodn\u00fd pro dosp\u011bl\u00e9 a d\u011bti od 12 let.<\/p>\n\n\n\n<p>Nemus\u00edte se b\u00e1t, \u017ee bychom po V\u00e1s na semin\u00e1\u0159i cht\u011bli dokonal\u00e9 v\u00fdkony, jde sp\u00ed\u0161e o&nbsp;to si zatancovat, pobavit se a&nbsp;vyzkou\u0161et n\u011bco nov\u00e9ho. Pokud by V\u00e1s irsk\u00fd tanec zaujal natolik, \u017ee byste se mu cht\u011bli v\u011bnovat d\u00e1l, nab\u00edz\u00edme spoustu kurz\u016f pro d\u011bti i&nbsp;dosp\u011bl\u00e9 v&nbsp;Rinceoir\u00ed Irish Dance Academy.<\/p>\n\n\n\n<p><strong>Co budete pot\u0159ebovat? &nbsp;&nbsp;&nbsp;<\/strong><\/p>\n\n\n\n<p>Pohodln\u00e9 sportovn\u00ed oble\u010den\u00ed, boty \u2013 baletn\u00ed pi\u0161koty (pokud m\u00e1te) nebo m\u011bk\u010d\u00ed tenisky s b\u00edlou podr\u00e1\u017ekou (aby nebarvily podlahu t\u011blocvi\u010dny), dostatek vody a mal\u00fd ru\u010dn\u00edk.<\/p>\n\n\n\n<p><strong>Term\u00edny<\/strong>:&nbsp; 13. a 20. 3. 2022&nbsp;od 17:00 do 19:00<\/p>\n\n\n\n<p><strong>M\u00edsto:&nbsp;<\/strong>Hotelov\u00e1 \u0161kola Vr\u0161ovick\u00e1, Vr\u0161ovick\u00e1 43, Praha 10 (vstup lev\u00fdm hlavn\u00edm vchodem)<\/p>\n\n\n\n<p><strong>Cena:<\/strong>&nbsp;400 K\u010d<\/p>\n\n\n\n<p>Nav\u00edc ka\u017ed\u00fd, kdo se t\u00e9to akce z\u00fa\u010dastn\u00ed, dostane slevu 10% na kurzovn\u00e9 v nadch\u00e1zej\u00edc\u00edm pololet\u00ed!<\/p>\n\n\n\n<p>Pokud by se snad stalo, \u017ee by n\u00e1m opat\u0159en\u00ed proti nemoci Covid-19 m\u011bla znemo\u017enit uskute\u010dn\u011bn\u00ed akce, domluv\u00edme se individu\u00e1ln\u011b. Tyto lekce po\u0159\u00e1d\u00e1me v\u017edy v z\u00e1\u0159\u00ed a v lednu, tak\u017ee si u n\u00e1s lekci m\u016f\u017eete schovat do z\u00e1\u0159\u00ed (nebo t\u0159eba pro velk\u00fd \u00fasp\u011bch i d\u0159\u00edv, kdo v\u00ed..).<\/p>\n\n\n\n<p>D\u011bkujeme a t\u011b\u0161\u00edme se na V\u00e1s!<\/p>","protected":false},"excerpt":{"rendered":"<p>Rozhodli jsme se, \u017ee ochutn\u00e1vkovou lekci mus\u00edme ud\u011blat \u010dast\u011bji, ne\u017e dvakr\u00e1t do roka. Na vyzkou\u0161en\u00ed n\u011b\u010deho nov\u00e9ho je toti\u017e spr\u00e1vn\u00fd \u010das \u00fapln\u011b v\u017edycky! Proto v\u00e1m p\u0159in\u00e1\u0161\u00edme dal\u0161\u00ed dva b\u0159eznov\u00e9 term\u00edny! A co v\u00e1s \u010dek\u00e1? Pod veden\u00edm mil\u00fdch a zku\u0161en\u00fdch lektorek se nau\u010d\u00edte z\u00e1kladn\u00ed kroky irsk\u00e9ho tance v m\u011bkk\u00fdch bot\u00e1ch (tzv. soft shoes), jednoduch\u00e9 tance a [&hellip;]<\/p>","protected":false},"author":1,"featured_media":316,"comment_status":"open","ping_status":"open","sticky":false,"template":"","format":"standard","meta":[],"categories":[9],"tags":[19,16,20,17,18],"yoast_head":"<!-- This site is optimized with the Yoast SEO plugin v19.6 - https:\/\/yoast.com\/wordpress\/plugins\/seo\/ -->\n<title>Ochutnej irsk\u00fd tanec - b\u0159ezen 2022 - Rinceoir\u00ed - klub irsk\u00fdch tanc\u016f<\/title>\n<meta name=\"robots\" content=\"index, follow, max-snippet:-1, max-image-preview:large, max-video-preview:-1\" \/>\n<link rel=\"canonical\" href=\"https:\/\/www.rinceoiri.cz\/en\/aktuality\/ochutnej-irsky-tanec-brezen-2022\/\" \/>\n<meta property=\"og:locale\" content=\"en_GB\" \/>\n<meta property=\"og:type\" content=\"article\" \/>\n<meta property=\"og:title\" content=\"Ochutnej irsk\u00fd tanec - b\u0159ezen 2022 - Rinceoir\u00ed - klub irsk\u00fdch tanc\u016f\" \/>\n<meta property=\"og:description\" content=\"Rozhodli jsme se, \u017ee ochutn\u00e1vkovou lekci mus\u00edme ud\u011blat \u010dast\u011bji, ne\u017e dvakr\u00e1t do roka. Na vyzkou\u0161en\u00ed n\u011b\u010deho nov\u00e9ho je toti\u017e spr\u00e1vn\u00fd \u010das \u00fapln\u011b v\u017edycky! Proto v\u00e1m p\u0159in\u00e1\u0161\u00edme dal\u0161\u00ed dva b\u0159eznov\u00e9 term\u00edny! A co v\u00e1s \u010dek\u00e1? Pod veden\u00edm mil\u00fdch a zku\u0161en\u00fdch lektorek se nau\u010d\u00edte z\u00e1kladn\u00ed kroky irsk\u00e9ho tance v m\u011bkk\u00fdch bot\u00e1ch (tzv. soft shoes), jednoduch\u00e9 tance a [&hellip;]\" \/>\n<meta property=\"og:url\" content=\"https:\/\/www.rinceoiri.cz\/en\/aktuality\/ochutnej-irsky-tanec-brezen-2022\/\" \/>\n<meta property=\"og:site_name\" content=\"Rinceoir\u00ed - klub irsk\u00fdch tanc\u016f\" \/>\n<meta property=\"article:publisher\" content=\"https:\/\/www.facebook.com\/rinceoiri\/\" \/>\n<meta property=\"article:published_time\" content=\"2022-02-02T22:12:21+00:00\" \/>\n<meta property=\"article:modified_time\" content=\"2022-02-02T22:15:20+00:00\" \/>\n<meta property=\"og:image\" content=\"https:\/\/www.rinceoiri.cz\/wp-content\/uploads\/2020\/05\/26_www.klapper.cz_.jpg\" \/>\n\t<meta property=\"og:image:width\" content=\"2000\" \/>\n\t<meta property=\"og:image:height\" content=\"951\" \/>\n\t<meta property=\"og:image:type\" content=\"image\/jpeg\" \/>\n<meta name=\"author\" content=\"admin\" \/>\n<meta name=\"twitter:card\" content=\"summary_large_image\" \/>\n<meta name=\"twitter:label1\" content=\"Written by\" \/>\n\t<meta name=\"twitter:data1\" content=\"admin\" \/>\n\t<meta name=\"twitter:label2\" content=\"Estimated reading time\" \/>\n\t<meta name=\"twitter:data2\" content=\"2 minutes\" \/>\n<script type=\"application\/ld+json\" class=\"yoast-schema-graph\">{\"@context\":\"https:\/\/schema.org\",\"@graph\":[{\"@type\":\"Article\",\"@id\":\"https:\/\/www.rinceoiri.cz\/aktuality\/ochutnej-irsky-tanec-brezen-2022\/#article\",\"isPartOf\":{\"@id\":\"https:\/\/www.rinceoiri.cz\/aktuality\/ochutnej-irsky-tanec-brezen-2022\/\"},\"author\":{\"name\":\"admin\",\"@id\":\"https:\/\/www.rinceoiri.cz\/#\/schema\/person\/0bc32ce63766655bbfc923f9e237dde4\"},\"headline\":\"Ochutnej irsk\u00fd tanec &#8211; b\u0159ezen 2022\",\"datePublished\":\"2022-02-02T22:12:21+00:00\",\"dateModified\":\"2022-02-02T22:15:20+00:00\",\"mainEntityOfPage\":{\"@id\":\"https:\/\/www.rinceoiri.cz\/aktuality\/ochutnej-irsky-tanec-brezen-2022\/\"},\"wordCount\":339,\"commentCount\":0,\"publisher\":{\"@id\":\"https:\/\/www.rinceoiri.cz\/#organization\"},\"keywords\":[\"Kurz\",\"Kurzy\",\"Praha\",\"Tanec\",\"Workshop\"],\"articleSection\":[\"Aktuality\"],\"inLanguage\":\"en-GB\",\"potentialAction\":[{\"@type\":\"CommentAction\",\"name\":\"Comment\",\"target\":[\"https:\/\/www.rinceoiri.cz\/aktuality\/ochutnej-irsky-tanec-brezen-2022\/#respond\"]}]},{\"@type\":\"WebPage\",\"@id\":\"https:\/\/www.rinceoiri.cz\/aktuality\/ochutnej-irsky-tanec-brezen-2022\/\",\"url\":\"https:\/\/www.rinceoiri.cz\/aktuality\/ochutnej-irsky-tanec-brezen-2022\/\",\"name\":\"Ochutnej irsk\u00fd tanec - b\u0159ezen 2022 - Rinceoir\u00ed - klub irsk\u00fdch tanc\u016f\",\"isPartOf\":{\"@id\":\"https:\/\/www.rinceoiri.cz\/#website\"},\"datePublished\":\"2022-02-02T22:12:21+00:00\",\"dateModified\":\"2022-02-02T22:15:20+00:00\",\"breadcrumb\":{\"@id\":\"https:\/\/www.rinceoiri.cz\/aktuality\/ochutnej-irsky-tanec-brezen-2022\/#breadcrumb\"},\"inLanguage\":\"en-GB\",\"potentialAction\":[{\"@type\":\"ReadAction\",\"target\":[\"https:\/\/www.rinceoiri.cz\/aktuality\/ochutnej-irsky-tanec-brezen-2022\/\"]}]},{\"@type\":\"BreadcrumbList\",\"@id\":\"https:\/\/www.rinceoiri.cz\/aktuality\/ochutnej-irsky-tanec-brezen-2022\/#breadcrumb\",\"itemListElement\":[{\"@type\":\"ListItem\",\"position\":1,\"name\":\"Dom\u016f\",\"item\":\"https:\/\/www.rinceoiri.cz\/\"},{\"@type\":\"ListItem\",\"position\":2,\"name\":\"Ochutnej irsk\u00fd tanec &#8211; b\u0159ezen 2022\"}]},{\"@type\":\"WebSite\",\"@id\":\"https:\/\/www.rinceoiri.cz\/#website\",\"url\":\"https:\/\/www.rinceoiri.cz\/\",\"name\":\"Rinceoir\u00ed - klub irsk\u00fdch tanc\u016f\",\"description\":\"V\u00fduka irsk\u00fdch tanc\u016f, irsk\u00e9 tance - nab\u00eddka vystoupen\u00ed\",\"publisher\":{\"@id\":\"https:\/\/www.rinceoiri.cz\/#organization\"},\"potentialAction\":[{\"@type\":\"SearchAction\",\"target\":{\"@type\":\"EntryPoint\",\"urlTemplate\":\"https:\/\/www.rinceoiri.cz\/?s={search_term_string}\"},\"query-input\":\"required name=search_term_string\"}],\"inLanguage\":\"en-GB\"},{\"@type\":\"Organization\",\"@id\":\"https:\/\/www.rinceoiri.cz\/#organization\",\"name\":\"Rinceoir\u00ed\",\"url\":\"https:\/\/www.rinceoiri.cz\/\",\"sameAs\":[\"https:\/\/www.instagram.com\/rinceoiri\/\",\"https:\/\/www.youtube.com\/channel\/UCtSffFpv2_EKMMuwlOJynnA\",\"https:\/\/www.facebook.com\/rinceoiri\/\"],\"logo\":{\"@type\":\"ImageObject\",\"inLanguage\":\"en-GB\",\"@id\":\"https:\/\/www.rinceoiri.cz\/#\/schema\/logo\/image\/\",\"url\":\"https:\/\/www.rinceoiri.cz\/wp-content\/uploads\/2020\/06\/Logo-Rince-bez-pozadi_cerne-e1591875742917.png\",\"contentUrl\":\"https:\/\/www.rinceoiri.cz\/wp-content\/uploads\/2020\/06\/Logo-Rince-bez-pozadi_cerne-e1591875742917.png\",\"width\":400,\"height\":87,\"caption\":\"Rinceoir\u00ed\"},\"image\":{\"@id\":\"https:\/\/www.rinceoiri.cz\/#\/schema\/logo\/image\/\"}},{\"@type\":\"Person\",\"@id\":\"https:\/\/www.rinceoiri.cz\/#\/schema\/person\/0bc32ce63766655bbfc923f9e237dde4\",\"name\":\"admin\",\"image\":{\"@type\":\"ImageObject\",\"inLanguage\":\"en-GB\",\"@id\":\"https:\/\/www.rinceoiri.cz\/#\/schema\/person\/image\/\",\"url\":\"https:\/\/secure.gravatar.com\/avatar\/0d0f6a8b78a849f1d5e9a3d4e07f0478?s=96&d=mm&r=g\",\"contentUrl\":\"https:\/\/secure.gravatar.com\/avatar\/0d0f6a8b78a849f1d5e9a3d4e07f0478?s=96&d=mm&r=g\",\"caption\":\"admin\"}}]}<\/script>\n<!-- \/ Yoast SEO plugin. -->","yoast_head_json":{"title":"Ochutnej irsk\u00fd tanec - b\u0159ezen 2022 - Rinceoir\u00ed - klub irsk\u00fdch tanc\u016f","robots":{"index":"index","follow":"follow","max-snippet":"max-snippet:-1","max-image-preview":"max-image-preview:large","max-video-preview":"max-video-preview:-1"},"canonical":"https:\/\/www.rinceoiri.cz\/en\/aktuality\/ochutnej-irsky-tanec-brezen-2022\/","og_locale":"en_GB","og_type":"article","og_title":"Ochutnej irsk\u00fd tanec - b\u0159ezen 2022 - Rinceoir\u00ed - klub irsk\u00fdch tanc\u016f","og_description":"Rozhodli jsme se, \u017ee ochutn\u00e1vkovou lekci mus\u00edme ud\u011blat \u010dast\u011bji, ne\u017e dvakr\u00e1t do roka. Na vyzkou\u0161en\u00ed n\u011b\u010deho nov\u00e9ho je toti\u017e spr\u00e1vn\u00fd \u010das \u00fapln\u011b v\u017edycky! Proto v\u00e1m p\u0159in\u00e1\u0161\u00edme dal\u0161\u00ed dva b\u0159eznov\u00e9 term\u00edny! A co v\u00e1s \u010dek\u00e1? Pod veden\u00edm mil\u00fdch a zku\u0161en\u00fdch lektorek se nau\u010d\u00edte z\u00e1kladn\u00ed kroky irsk\u00e9ho tance v m\u011bkk\u00fdch bot\u00e1ch (tzv. soft shoes), jednoduch\u00e9 tance a [&hellip;]","og_url":"https:\/\/www.rinceoiri.cz\/en\/aktuality\/ochutnej-irsky-tanec-brezen-2022\/","og_site_name":"Rinceoir\u00ed - klub irsk\u00fdch tanc\u016f","article_publisher":"https:\/\/www.facebook.com\/rinceoiri\/","article_published_time":"2022-02-02T22:12:21+00:00","article_modified_time":"2022-02-02T22:15:20+00:00","og_image":[{"width":2000,"height":951,"url":"https:\/\/www.rinceoiri.cz\/wp-content\/uploads\/2020\/05\/26_www.klapper.cz_.jpg","type":"image\/jpeg"}],"author":"admin","twitter_card":"summary_large_image","twitter_misc":{"Written by":"admin","Estimated reading time":"2 minutes"},"schema":{"@context":"https:\/\/schema.org","@graph":[{"@type":"Article","@id":"https:\/\/www.rinceoiri.cz\/aktuality\/ochutnej-irsky-tanec-brezen-2022\/#article","isPartOf":{"@id":"https:\/\/www.rinceoiri.cz\/aktuality\/ochutnej-irsky-tanec-brezen-2022\/"},"author":{"name":"admin","@id":"https:\/\/www.rinceoiri.cz\/#\/schema\/person\/0bc32ce63766655bbfc923f9e237dde4"},"headline":"Ochutnej irsk\u00fd tanec &#8211; b\u0159ezen 2022","datePublished":"2022-02-02T22:12:21+00:00","dateModified":"2022-02-02T22:15:20+00:00","mainEntityOfPage":{"@id":"https:\/\/www.rinceoiri.cz\/aktuality\/ochutnej-irsky-tanec-brezen-2022\/"},"wordCount":339,"commentCount":0,"publisher":{"@id":"https:\/\/www.rinceoiri.cz\/#organization"},"keywords":["Kurz","Kurzy","Praha","Tanec","Workshop"],"articleSection":["Aktuality"],"inLanguage":"en-GB","potentialAction":[{"@type":"CommentAction","name":"Comment","target":["https:\/\/www.rinceoiri.cz\/aktuality\/ochutnej-irsky-tanec-brezen-2022\/#respond"]}]},{"@type":"WebPage","@id":"https:\/\/www.rinceoiri.cz\/aktuality\/ochutnej-irsky-tanec-brezen-2022\/","url":"https:\/\/www.rinceoiri.cz\/aktuality\/ochutnej-irsky-tanec-brezen-2022\/","name":"Ochutnej irsk\u00fd tanec - b\u0159ezen 2022 - Rinceoir\u00ed - klub irsk\u00fdch tanc\u016f","isPartOf":{"@id":"https:\/\/www.rinceoiri.cz\/#website"},"datePublished":"2022-02-02T22:12:21+00:00","dateModified":"2022-02-02T22:15:20+00:00","breadcrumb":{"@id":"https:\/\/www.rinceoiri.cz\/aktuality\/ochutnej-irsky-tanec-brezen-2022\/#breadcrumb"},"inLanguage":"en-GB","potentialAction":[{"@type":"ReadAction","target":["https:\/\/www.rinceoiri.cz\/aktuality\/ochutnej-irsky-tanec-brezen-2022\/"]}]},{"@type":"BreadcrumbList","@id":"https:\/\/www.rinceoiri.cz\/aktuality\/ochutnej-irsky-tanec-brezen-2022\/#breadcrumb","itemListElement":[{"@type":"ListItem","position":1,"name":"Dom\u016f","item":"https:\/\/www.rinceoiri.cz\/"},{"@type":"ListItem","position":2,"name":"Ochutnej irsk\u00fd tanec &#8211; b\u0159ezen 2022"}]},{"@type":"WebSite","@id":"https:\/\/www.rinceoiri.cz\/#website","url":"https:\/\/www.rinceoiri.cz\/","name":"Rinceoir\u00ed - klub irsk\u00fdch tanc\u016f","description":"V\u00fduka irsk\u00fdch tanc\u016f, irsk\u00e9 tance - nab\u00eddka vystoupen\u00ed","publisher":{"@id":"https:\/\/www.rinceoiri.cz\/#organization"},"potentialAction":[{"@type":"SearchAction","target":{"@type":"EntryPoint","urlTemplate":"https:\/\/www.rinceoiri.cz\/?s={search_term_string}"},"query-input":"required name=search_term_string"}],"inLanguage":"en-GB"},{"@type":"Organization","@id":"https:\/\/www.rinceoiri.cz\/#organization","name":"Rinceoir\u00ed","url":"https:\/\/www.rinceoiri.cz\/","sameAs":["https:\/\/www.instagram.com\/rinceoiri\/","https:\/\/www.youtube.com\/channel\/UCtSffFpv2_EKMMuwlOJynnA","https:\/\/www.facebook.com\/rinceoiri\/"],"logo":{"@type":"ImageObject","inLanguage":"en-GB","@id":"https:\/\/www.rinceoiri.cz\/#\/schema\/logo\/image\/","url":"https:\/\/www.rinceoiri.cz\/wp-content\/uploads\/2020\/06\/Logo-Rince-bez-pozadi_cerne-e1591875742917.png","contentUrl":"https:\/\/www.rinceoiri.cz\/wp-content\/uploads\/2020\/06\/Logo-Rince-bez-pozadi_cerne-e1591875742917.png","width":400,"height":87,"caption":"Rinceoir\u00ed"},"image":{"@id":"https:\/\/www.rinceoiri.cz\/#\/schema\/logo\/image\/"}},{"@type":"Person","@id":"https:\/\/www.rinceoiri.cz\/#\/schema\/person\/0bc32ce63766655bbfc923f9e237dde4","name":"admin","image":{"@type":"ImageObject","inLanguage":"en-GB","@id":"https:\/\/www.rinceoiri.cz\/#\/schema\/person\/image\/","url":"https:\/\/secure.gravatar.com\/avatar\/0d0f6a8b78a849f1d5e9a3d4e07f0478?s=96&d=mm&r=g","contentUrl":"https:\/\/secure.gravatar.com\/avatar\/0d0f6a8b78a849f1d5e9a3d4e07f0478?s=96&d=mm&r=g","caption":"admin"}}]}},"_links":{"self":[{"href":"https:\/\/www.rinceoiri.cz\/en\/wp-json\/wp\/v2\/posts\/1888"}],"collection":[{"href":"https:\/\/www.rinceoiri.cz\/en\/wp-json\/wp\/v2\/posts"}],"about":[{"href":"https:\/\/www.rinceoiri.cz\/en\/wp-json\/wp\/v2\/types\/post"}],"author":[{"embeddable":true,"href":"https:\/\/www.rinceoiri.cz\/en\/wp-json\/wp\/v2\/users\/1"}],"replies":[{"embeddable":true,"href":"https:\/\/www.rinceoiri.cz\/en\/wp-json\/wp\/v2\/comments?post=1888"}],"version-history":[{"count":2,"href":"https:\/\/www.rinceoiri.cz\/en\/wp-json\/wp\/v2\/posts\/1888\/revisions"}],"predecessor-version":[{"id":1891,"href":"https:\/\/www.rinceoiri.cz\/en\/wp-json\/wp\/v2\/posts\/1888\/revisions\/1891"}],"wp:featuredmedia":[{"embeddable":true,"href":"https:\/\/www.rinceoiri.cz\/en\/wp-json\/wp\/v2\/media\/316"}],"wp:attachment":[{"href":"https:\/\/www.rinceoiri.cz\/en\/wp-json\/wp\/v2\/media?parent=1888"}],"wp:term":[{"taxonomy":"category","embeddable":true,"href":"https:\/\/www.rinceoiri.cz\/en\/wp-json\/wp\/v2\/categories?post=1888"},{"taxonomy":"post_tag","embeddable":true,"href":"https:\/\/www.rinceoiri.cz\/en\/wp-json\/wp\/v2\/tags?post=1888"}],"curies":[{"name":"wp","href":"https:\/\/api.w.org\/{rel}","templated":true}]}}