{"id":1935,"date":"2022-09-22T10:00:00","date_gmt":"2022-09-22T10:00:00","guid":{"rendered":"https:\/\/www.rinceoiri.cz\/?p=1935"},"modified":"2022-11-24T16:27:30","modified_gmt":"2022-11-24T16:27:30","slug":"ochutnej-irsky-tanec-leden-2023","status":"publish","type":"post","link":"https:\/\/www.rinceoiri.cz\/en\/aktuality\/ochutnej-irsky-tanec-leden-2023\/","title":{"rendered":"Ochutnej irsk\u00fd tanec &#8211; leden 2023"},"content":{"rendered":"<div data-elementor-type=\"wp-post\" data-elementor-id=\"1935\" class=\"elementor elementor-1935\" data-elementor-settings=\"[]\">\n\t\t\t<div class=\"elementor-inner\">\n\t\t\t\t<div class=\"elementor-section-wrap\">\n\t\t\t\t\t\t\t<section class=\"elementor-element elementor-element-63401434 elementor-section-boxed elementor-section-height-default elementor-section-height-default elementor-section elementor-top-section\" data-id=\"63401434\" data-element_type=\"section\">\n\t\t\t\t\t\t<div class=\"elementor-container elementor-column-gap-default\">\n\t\t\t\t<div class=\"elementor-row\">\n\t\t\t\t<div class=\"elementor-element elementor-element-42bd95ae elementor-column elementor-col-100 elementor-top-column\" data-id=\"42bd95ae\" data-element_type=\"column\">\n\t\t\t<div class=\"elementor-column-wrap  elementor-element-populated\">\n\t\t\t\t\t<div class=\"elementor-widget-wrap\">\n\t\t\t\t<div class=\"elementor-element elementor-element-452ea12f elementor-widget elementor-widget-text-editor\" data-id=\"452ea12f\" data-element_type=\"widget\" data-widget_type=\"text-editor.default\">\n\t\t\t\t<div class=\"elementor-widget-container\">\n\t\t\t\t\t<div class=\"elementor-text-editor elementor-clearfix\"><p><!-- wp:paragraph --><\/p>\n<p>Hled\u00e1te origin\u00e1ln\u00ed v\u00e1no\u010dn\u00ed d\u00e1rek pro sebe nebo sv\u00e9 bl\u00edzk\u00e9? Spojte nev\u0161edn\u00ed z\u00e1\u017eitek s trochou zdrav\u00e9ho pohybu a p\u0159ij\u010fte si s n\u00e1mi zatan\u010dit! Na dvouhodinov\u00e9 ochutn\u00e1vkov\u00e9 lekci pro za\u010d\u00e1te\u010dn\u00edky si m\u016f\u017ee ka\u017ed\u00fd na vlastn\u00ed k\u016f\u017ei vyzkou\u0161et, jak se tan\u010d\u00ed do rytmu podmaniv\u00e9 irsk\u00e9 hudby a oko\u0159enit si tak vstup do nov\u00e9ho roku. Na v\u00fdb\u011br m\u00e1te hned ze dvou term\u00edn\u016f. Tak nev\u00e1hejte a darujte pod strome\u010dek z\u00e1\u017eitek, na kter\u00fd budete Vy nebo Va\u0161i bl\u00edzc\u00ed je\u0161t\u011b dlouho s \u00fasm\u011bvem vzpom\u00ednat.<\/p>\n<p><strong>Jak lekce prob\u00edh\u00e1?<\/strong><\/p>\n<p><!-- \/wp:paragraph --><!-- wp:paragraph --><\/p>\n<p>Pod veden\u00edm mil\u00fdch a zku\u0161en\u00fdch lektorek se nau\u010d\u00edte z\u00e1kladn\u00ed kroky irsk\u00e9ho tance v m\u011bkk\u00fdch bot\u00e1ch (tzv. soft shoes), jednoduch\u00e9 tance a na z\u00e1v\u011br si zatan\u010d\u00edte kr\u00e1tkou choreografii. Kurz je vhodn\u00fd pro dosp\u011bl\u00e9 a d\u011bti od 12 let.<\/p>\n<p><!-- \/wp:paragraph --><!-- wp:paragraph --><\/p>\n<p>Nemus\u00edte se b\u00e1t, \u017ee bychom po V\u00e1s na semin\u00e1\u0159i cht\u011bli dokonal\u00e9 v\u00fdkony, jde sp\u00ed\u0161e o\u00a0to si zatancovat, pobavit se a\u00a0vyzkou\u0161et n\u011bco nov\u00e9ho. Pokud by V\u00e1s irsk\u00fd tanec zaujal natolik, \u017ee byste se mu cht\u011bli v\u011bnovat d\u00e1l, nab\u00edz\u00edme spoustu kurz\u016f pro d\u011bti i\u00a0dosp\u011bl\u00e9 v\u00a0Rinceoir\u00ed Irish Dance Academy.<\/p>\n<p><!-- \/wp:paragraph --><!-- wp:paragraph --><\/p>\n<p><strong>Co budete pot\u0159ebovat?<\/strong><\/p>\n<p><!-- \/wp:paragraph --><!-- wp:paragraph --><\/p>\n<p>Pohodln\u00e9 sportovn\u00ed oble\u010den\u00ed, boty \u2013 baletn\u00ed pi\u0161koty (pokud m\u00e1te) nebo m\u011bk\u010d\u00ed tenisky s b\u00edlou podr\u00e1\u017ekou (aby nebarvily podlahu t\u011blocvi\u010dny), dostatek vody a mal\u00fd ru\u010dn\u00edk.<\/p>\n<p><!-- \/wp:paragraph --><!-- wp:paragraph --><\/p>\n<p><strong>Term\u00edny<\/strong>:\u00a0 22. 1. a 29. 1. 2023 od 17:00 do 19:00<\/p>\n<p><!-- \/wp:paragraph --><!-- wp:paragraph --><\/p>\n<p><strong>M\u00edsto:\u00a0<\/strong>Tane\u010dn\u00ed studio Voila, M\u00e1nesova 1648\/80, 120 00 Praha 2, Vinohrady<\/p>\n<p><!-- \/wp:paragraph --><!-- wp:paragraph --><\/p>\n<p><strong>Cena:<\/strong>\u00a0400 K\u010d<\/p>\n<p><!-- \/wp:paragraph --><!-- wp:paragraph --><\/p>\n<p>Nav\u00edc ka\u017ed\u00fd, kdo se t\u00e9to akce z\u00fa\u010dastn\u00ed, dostane slevu 10% na kurzovn\u00e9 v nadch\u00e1zej\u00edc\u00edm pololet\u00ed!<\/p>\n<p><!-- \/wp:paragraph --><!-- wp:paragraph --><\/p>\n<p>Nev\u00e1hejte dlouho, kapacita lekc\u00ed je omezen\u00e1!<\/p>\n<p><!-- \/wp:paragraph --><!-- wp:paragraph --><\/p>\n<p>Budeme se na V\u00e1s t\u011b\u0161it!<\/p>\n<p><!-- \/wp:paragraph --><\/p><\/div>\n\t\t\t\t<\/div>\n\t\t\t\t<\/div>\n\t\t\t\t\t\t<\/div>\n\t\t\t<\/div>\n\t\t<\/div>\n\t\t\t\t\t\t<\/div>\n\t\t\t<\/div>\n\t\t<\/section>\n\t\t\t\t\t\t<\/div>\n\t\t\t<\/div>\n\t\t<\/div>","protected":false},"excerpt":{"rendered":"<p>Hled\u00e1te origin\u00e1ln\u00ed v\u00e1no\u010dn\u00ed d\u00e1rek pro sebe nebo sv\u00e9 bl\u00edzk\u00e9? Spojte nev\u0161edn\u00ed z\u00e1\u017eitek s trochou zdrav\u00e9ho pohybu a p\u0159ij\u010fte si s n\u00e1mi zatan\u010dit! Na dvouhodinov\u00e9 ochutn\u00e1vkov\u00e9 lekci pro za\u010d\u00e1te\u010dn\u00edky si m\u016f\u017ee ka\u017ed\u00fd na vlastn\u00ed k\u016f\u017ei vyzkou\u0161et, jak se tan\u010d\u00ed do rytmu podmaniv\u00e9 irsk\u00e9 hudby a oko\u0159enit si tak vstup do nov\u00e9ho roku. Na v\u00fdb\u011br m\u00e1te hned [&hellip;]<\/p>","protected":false},"author":1,"featured_media":315,"comment_status":"open","ping_status":"open","sticky":false,"template":"","format":"standard","meta":[],"categories":[9,1],"tags":[19,16,20,17],"yoast_head":"<!-- This site is optimized with the Yoast SEO plugin v19.6 - https:\/\/yoast.com\/wordpress\/plugins\/seo\/ -->\n<title>Ochutnej irsk\u00fd tanec - leden 2023 - Rinceoir\u00ed - klub irsk\u00fdch tanc\u016f<\/title>\n<meta name=\"robots\" content=\"index, follow, max-snippet:-1, max-image-preview:large, max-video-preview:-1\" \/>\n<link rel=\"canonical\" href=\"https:\/\/www.rinceoiri.cz\/en\/aktuality\/ochutnej-irsky-tanec-leden-2023\/\" \/>\n<meta property=\"og:locale\" content=\"en_GB\" \/>\n<meta property=\"og:type\" content=\"article\" \/>\n<meta property=\"og:title\" content=\"Ochutnej irsk\u00fd tanec - leden 2023 - Rinceoir\u00ed - klub irsk\u00fdch tanc\u016f\" \/>\n<meta property=\"og:description\" content=\"Hled\u00e1te origin\u00e1ln\u00ed v\u00e1no\u010dn\u00ed d\u00e1rek pro sebe nebo sv\u00e9 bl\u00edzk\u00e9? Spojte nev\u0161edn\u00ed z\u00e1\u017eitek s trochou zdrav\u00e9ho pohybu a p\u0159ij\u010fte si s n\u00e1mi zatan\u010dit! Na dvouhodinov\u00e9 ochutn\u00e1vkov\u00e9 lekci pro za\u010d\u00e1te\u010dn\u00edky si m\u016f\u017ee ka\u017ed\u00fd na vlastn\u00ed k\u016f\u017ei vyzkou\u0161et, jak se tan\u010d\u00ed do rytmu podmaniv\u00e9 irsk\u00e9 hudby a oko\u0159enit si tak vstup do nov\u00e9ho roku. Na v\u00fdb\u011br m\u00e1te hned [&hellip;]\" \/>\n<meta property=\"og:url\" content=\"https:\/\/www.rinceoiri.cz\/en\/aktuality\/ochutnej-irsky-tanec-leden-2023\/\" \/>\n<meta property=\"og:site_name\" content=\"Rinceoir\u00ed - klub irsk\u00fdch tanc\u016f\" \/>\n<meta property=\"article:publisher\" content=\"https:\/\/www.facebook.com\/rinceoiri\/\" \/>\n<meta property=\"article:published_time\" content=\"2022-09-22T10:00:00+00:00\" \/>\n<meta property=\"article:modified_time\" content=\"2022-11-24T16:27:30+00:00\" \/>\n<meta property=\"og:image\" content=\"https:\/\/www.rinceoiri.cz\/wp-content\/uploads\/2020\/05\/5_10_13_fmx_benesov_b_web_sign-2.jpg\" \/>\n\t<meta property=\"og:image:width\" content=\"2000\" \/>\n\t<meta property=\"og:image:height\" content=\"1333\" \/>\n\t<meta property=\"og:image:type\" content=\"image\/jpeg\" \/>\n<meta name=\"author\" content=\"admin\" \/>\n<meta name=\"twitter:card\" content=\"summary_large_image\" \/>\n<meta name=\"twitter:label1\" content=\"Written by\" \/>\n\t<meta name=\"twitter:data1\" content=\"admin\" \/>\n\t<meta name=\"twitter:label2\" content=\"Estimated reading time\" \/>\n\t<meta name=\"twitter:data2\" content=\"2 minutes\" \/>\n<script type=\"application\/ld+json\" class=\"yoast-schema-graph\">{\"@context\":\"https:\/\/schema.org\",\"@graph\":[{\"@type\":\"Article\",\"@id\":\"https:\/\/www.rinceoiri.cz\/aktuality\/ochutnej-irsky-tanec-leden-2023\/#article\",\"isPartOf\":{\"@id\":\"https:\/\/www.rinceoiri.cz\/aktuality\/ochutnej-irsky-tanec-leden-2023\/\"},\"author\":{\"name\":\"admin\",\"@id\":\"https:\/\/www.rinceoiri.cz\/#\/schema\/person\/0bc32ce63766655bbfc923f9e237dde4\"},\"headline\":\"Ochutnej irsk\u00fd tanec &#8211; leden 2023\",\"datePublished\":\"2022-09-22T10:00:00+00:00\",\"dateModified\":\"2022-11-24T16:27:30+00:00\",\"mainEntityOfPage\":{\"@id\":\"https:\/\/www.rinceoiri.cz\/aktuality\/ochutnej-irsky-tanec-leden-2023\/\"},\"wordCount\":330,\"commentCount\":0,\"publisher\":{\"@id\":\"https:\/\/www.rinceoiri.cz\/#organization\"},\"keywords\":[\"Kurz\",\"Kurzy\",\"Praha\",\"Tanec\"],\"articleSection\":[\"Aktuality\",\"Uncategorized\"],\"inLanguage\":\"en-GB\",\"potentialAction\":[{\"@type\":\"CommentAction\",\"name\":\"Comment\",\"target\":[\"https:\/\/www.rinceoiri.cz\/aktuality\/ochutnej-irsky-tanec-leden-2023\/#respond\"]}]},{\"@type\":\"WebPage\",\"@id\":\"https:\/\/www.rinceoiri.cz\/aktuality\/ochutnej-irsky-tanec-leden-2023\/\",\"url\":\"https:\/\/www.rinceoiri.cz\/aktuality\/ochutnej-irsky-tanec-leden-2023\/\",\"name\":\"Ochutnej irsk\u00fd tanec - leden 2023 - Rinceoir\u00ed - klub irsk\u00fdch tanc\u016f\",\"isPartOf\":{\"@id\":\"https:\/\/www.rinceoiri.cz\/#website\"},\"datePublished\":\"2022-09-22T10:00:00+00:00\",\"dateModified\":\"2022-11-24T16:27:30+00:00\",\"breadcrumb\":{\"@id\":\"https:\/\/www.rinceoiri.cz\/aktuality\/ochutnej-irsky-tanec-leden-2023\/#breadcrumb\"},\"inLanguage\":\"en-GB\",\"potentialAction\":[{\"@type\":\"ReadAction\",\"target\":[\"https:\/\/www.rinceoiri.cz\/aktuality\/ochutnej-irsky-tanec-leden-2023\/\"]}]},{\"@type\":\"BreadcrumbList\",\"@id\":\"https:\/\/www.rinceoiri.cz\/aktuality\/ochutnej-irsky-tanec-leden-2023\/#breadcrumb\",\"itemListElement\":[{\"@type\":\"ListItem\",\"position\":1,\"name\":\"Dom\u016f\",\"item\":\"https:\/\/www.rinceoiri.cz\/\"},{\"@type\":\"ListItem\",\"position\":2,\"name\":\"Ochutnej irsk\u00fd tanec &#8211; leden 2023\"}]},{\"@type\":\"WebSite\",\"@id\":\"https:\/\/www.rinceoiri.cz\/#website\",\"url\":\"https:\/\/www.rinceoiri.cz\/\",\"name\":\"Rinceoir\u00ed - klub irsk\u00fdch tanc\u016f\",\"description\":\"V\u00fduka irsk\u00fdch tanc\u016f, irsk\u00e9 tance - nab\u00eddka vystoupen\u00ed\",\"publisher\":{\"@id\":\"https:\/\/www.rinceoiri.cz\/#organization\"},\"potentialAction\":[{\"@type\":\"SearchAction\",\"target\":{\"@type\":\"EntryPoint\",\"urlTemplate\":\"https:\/\/www.rinceoiri.cz\/?s={search_term_string}\"},\"query-input\":\"required name=search_term_string\"}],\"inLanguage\":\"en-GB\"},{\"@type\":\"Organization\",\"@id\":\"https:\/\/www.rinceoiri.cz\/#organization\",\"name\":\"Rinceoir\u00ed\",\"url\":\"https:\/\/www.rinceoiri.cz\/\",\"sameAs\":[\"https:\/\/www.instagram.com\/rinceoiri\/\",\"https:\/\/www.youtube.com\/channel\/UCtSffFpv2_EKMMuwlOJynnA\",\"https:\/\/www.facebook.com\/rinceoiri\/\"],\"logo\":{\"@type\":\"ImageObject\",\"inLanguage\":\"en-GB\",\"@id\":\"https:\/\/www.rinceoiri.cz\/#\/schema\/logo\/image\/\",\"url\":\"https:\/\/www.rinceoiri.cz\/wp-content\/uploads\/2020\/06\/Logo-Rince-bez-pozadi_cerne-e1591875742917.png\",\"contentUrl\":\"https:\/\/www.rinceoiri.cz\/wp-content\/uploads\/2020\/06\/Logo-Rince-bez-pozadi_cerne-e1591875742917.png\",\"width\":400,\"height\":87,\"caption\":\"Rinceoir\u00ed\"},\"image\":{\"@id\":\"https:\/\/www.rinceoiri.cz\/#\/schema\/logo\/image\/\"}},{\"@type\":\"Person\",\"@id\":\"https:\/\/www.rinceoiri.cz\/#\/schema\/person\/0bc32ce63766655bbfc923f9e237dde4\",\"name\":\"admin\",\"image\":{\"@type\":\"ImageObject\",\"inLanguage\":\"en-GB\",\"@id\":\"https:\/\/www.rinceoiri.cz\/#\/schema\/person\/image\/\",\"url\":\"https:\/\/secure.gravatar.com\/avatar\/0d0f6a8b78a849f1d5e9a3d4e07f0478?s=96&d=mm&r=g\",\"contentUrl\":\"https:\/\/secure.gravatar.com\/avatar\/0d0f6a8b78a849f1d5e9a3d4e07f0478?s=96&d=mm&r=g\",\"caption\":\"admin\"}}]}<\/script>\n<!-- \/ Yoast SEO plugin. -->","yoast_head_json":{"title":"Ochutnej irsk\u00fd tanec - leden 2023 - Rinceoir\u00ed - klub irsk\u00fdch tanc\u016f","robots":{"index":"index","follow":"follow","max-snippet":"max-snippet:-1","max-image-preview":"max-image-preview:large","max-video-preview":"max-video-preview:-1"},"canonical":"https:\/\/www.rinceoiri.cz\/en\/aktuality\/ochutnej-irsky-tanec-leden-2023\/","og_locale":"en_GB","og_type":"article","og_title":"Ochutnej irsk\u00fd tanec - leden 2023 - Rinceoir\u00ed - klub irsk\u00fdch tanc\u016f","og_description":"Hled\u00e1te origin\u00e1ln\u00ed v\u00e1no\u010dn\u00ed d\u00e1rek pro sebe nebo sv\u00e9 bl\u00edzk\u00e9? Spojte nev\u0161edn\u00ed z\u00e1\u017eitek s trochou zdrav\u00e9ho pohybu a p\u0159ij\u010fte si s n\u00e1mi zatan\u010dit! Na dvouhodinov\u00e9 ochutn\u00e1vkov\u00e9 lekci pro za\u010d\u00e1te\u010dn\u00edky si m\u016f\u017ee ka\u017ed\u00fd na vlastn\u00ed k\u016f\u017ei vyzkou\u0161et, jak se tan\u010d\u00ed do rytmu podmaniv\u00e9 irsk\u00e9 hudby a oko\u0159enit si tak vstup do nov\u00e9ho roku. Na v\u00fdb\u011br m\u00e1te hned [&hellip;]","og_url":"https:\/\/www.rinceoiri.cz\/en\/aktuality\/ochutnej-irsky-tanec-leden-2023\/","og_site_name":"Rinceoir\u00ed - klub irsk\u00fdch tanc\u016f","article_publisher":"https:\/\/www.facebook.com\/rinceoiri\/","article_published_time":"2022-09-22T10:00:00+00:00","article_modified_time":"2022-11-24T16:27:30+00:00","og_image":[{"width":2000,"height":1333,"url":"https:\/\/www.rinceoiri.cz\/wp-content\/uploads\/2020\/05\/5_10_13_fmx_benesov_b_web_sign-2.jpg","type":"image\/jpeg"}],"author":"admin","twitter_card":"summary_large_image","twitter_misc":{"Written by":"admin","Estimated reading time":"2 minutes"},"schema":{"@context":"https:\/\/schema.org","@graph":[{"@type":"Article","@id":"https:\/\/www.rinceoiri.cz\/aktuality\/ochutnej-irsky-tanec-leden-2023\/#article","isPartOf":{"@id":"https:\/\/www.rinceoiri.cz\/aktuality\/ochutnej-irsky-tanec-leden-2023\/"},"author":{"name":"admin","@id":"https:\/\/www.rinceoiri.cz\/#\/schema\/person\/0bc32ce63766655bbfc923f9e237dde4"},"headline":"Ochutnej irsk\u00fd tanec &#8211; leden 2023","datePublished":"2022-09-22T10:00:00+00:00","dateModified":"2022-11-24T16:27:30+00:00","mainEntityOfPage":{"@id":"https:\/\/www.rinceoiri.cz\/aktuality\/ochutnej-irsky-tanec-leden-2023\/"},"wordCount":330,"commentCount":0,"publisher":{"@id":"https:\/\/www.rinceoiri.cz\/#organization"},"keywords":["Kurz","Kurzy","Praha","Tanec"],"articleSection":["Aktuality","Uncategorized"],"inLanguage":"en-GB","potentialAction":[{"@type":"CommentAction","name":"Comment","target":["https:\/\/www.rinceoiri.cz\/aktuality\/ochutnej-irsky-tanec-leden-2023\/#respond"]}]},{"@type":"WebPage","@id":"https:\/\/www.rinceoiri.cz\/aktuality\/ochutnej-irsky-tanec-leden-2023\/","url":"https:\/\/www.rinceoiri.cz\/aktuality\/ochutnej-irsky-tanec-leden-2023\/","name":"Ochutnej irsk\u00fd tanec - leden 2023 - Rinceoir\u00ed - klub irsk\u00fdch tanc\u016f","isPartOf":{"@id":"https:\/\/www.rinceoiri.cz\/#website"},"datePublished":"2022-09-22T10:00:00+00:00","dateModified":"2022-11-24T16:27:30+00:00","breadcrumb":{"@id":"https:\/\/www.rinceoiri.cz\/aktuality\/ochutnej-irsky-tanec-leden-2023\/#breadcrumb"},"inLanguage":"en-GB","potentialAction":[{"@type":"ReadAction","target":["https:\/\/www.rinceoiri.cz\/aktuality\/ochutnej-irsky-tanec-leden-2023\/"]}]},{"@type":"BreadcrumbList","@id":"https:\/\/www.rinceoiri.cz\/aktuality\/ochutnej-irsky-tanec-leden-2023\/#breadcrumb","itemListElement":[{"@type":"ListItem","position":1,"name":"Dom\u016f","item":"https:\/\/www.rinceoiri.cz\/"},{"@type":"ListItem","position":2,"name":"Ochutnej irsk\u00fd tanec &#8211; leden 2023"}]},{"@type":"WebSite","@id":"https:\/\/www.rinceoiri.cz\/#website","url":"https:\/\/www.rinceoiri.cz\/","name":"Rinceoir\u00ed - klub irsk\u00fdch tanc\u016f","description":"V\u00fduka irsk\u00fdch tanc\u016f, irsk\u00e9 tance - nab\u00eddka vystoupen\u00ed","publisher":{"@id":"https:\/\/www.rinceoiri.cz\/#organization"},"potentialAction":[{"@type":"SearchAction","target":{"@type":"EntryPoint","urlTemplate":"https:\/\/www.rinceoiri.cz\/?s={search_term_string}"},"query-input":"required name=search_term_string"}],"inLanguage":"en-GB"},{"@type":"Organization","@id":"https:\/\/www.rinceoiri.cz\/#organization","name":"Rinceoir\u00ed","url":"https:\/\/www.rinceoiri.cz\/","sameAs":["https:\/\/www.instagram.com\/rinceoiri\/","https:\/\/www.youtube.com\/channel\/UCtSffFpv2_EKMMuwlOJynnA","https:\/\/www.facebook.com\/rinceoiri\/"],"logo":{"@type":"ImageObject","inLanguage":"en-GB","@id":"https:\/\/www.rinceoiri.cz\/#\/schema\/logo\/image\/","url":"https:\/\/www.rinceoiri.cz\/wp-content\/uploads\/2020\/06\/Logo-Rince-bez-pozadi_cerne-e1591875742917.png","contentUrl":"https:\/\/www.rinceoiri.cz\/wp-content\/uploads\/2020\/06\/Logo-Rince-bez-pozadi_cerne-e1591875742917.png","width":400,"height":87,"caption":"Rinceoir\u00ed"},"image":{"@id":"https:\/\/www.rinceoiri.cz\/#\/schema\/logo\/image\/"}},{"@type":"Person","@id":"https:\/\/www.rinceoiri.cz\/#\/schema\/person\/0bc32ce63766655bbfc923f9e237dde4","name":"admin","image":{"@type":"ImageObject","inLanguage":"en-GB","@id":"https:\/\/www.rinceoiri.cz\/#\/schema\/person\/image\/","url":"https:\/\/secure.gravatar.com\/avatar\/0d0f6a8b78a849f1d5e9a3d4e07f0478?s=96&d=mm&r=g","contentUrl":"https:\/\/secure.gravatar.com\/avatar\/0d0f6a8b78a849f1d5e9a3d4e07f0478?s=96&d=mm&r=g","caption":"admin"}}]}},"_links":{"self":[{"href":"https:\/\/www.rinceoiri.cz\/en\/wp-json\/wp\/v2\/posts\/1935"}],"collection":[{"href":"https:\/\/www.rinceoiri.cz\/en\/wp-json\/wp\/v2\/posts"}],"about":[{"href":"https:\/\/www.rinceoiri.cz\/en\/wp-json\/wp\/v2\/types\/post"}],"author":[{"embeddable":true,"href":"https:\/\/www.rinceoiri.cz\/en\/wp-json\/wp\/v2\/users\/1"}],"replies":[{"embeddable":true,"href":"https:\/\/www.rinceoiri.cz\/en\/wp-json\/wp\/v2\/comments?post=1935"}],"version-history":[{"count":16,"href":"https:\/\/www.rinceoiri.cz\/en\/wp-json\/wp\/v2\/posts\/1935\/revisions"}],"predecessor-version":[{"id":1961,"href":"https:\/\/www.rinceoiri.cz\/en\/wp-json\/wp\/v2\/posts\/1935\/revisions\/1961"}],"wp:featuredmedia":[{"embeddable":true,"href":"https:\/\/www.rinceoiri.cz\/en\/wp-json\/wp\/v2\/media\/315"}],"wp:attachment":[{"href":"https:\/\/www.rinceoiri.cz\/en\/wp-json\/wp\/v2\/media?parent=1935"}],"wp:term":[{"taxonomy":"category","embeddable":true,"href":"https:\/\/www.rinceoiri.cz\/en\/wp-json\/wp\/v2\/categories?post=1935"},{"taxonomy":"post_tag","embeddable":true,"href":"https:\/\/www.rinceoiri.cz\/en\/wp-json\/wp\/v2\/tags?post=1935"}],"curies":[{"name":"wp","href":"https:\/\/api.w.org\/{rel}","templated":true}]}}