{"id":1982,"date":"2023-07-09T20:08:27","date_gmt":"2023-07-09T20:08:27","guid":{"rendered":"https:\/\/www.rinceoiri.cz\/?p=1982"},"modified":"2023-07-09T20:10:15","modified_gmt":"2023-07-09T20:10:15","slug":"ochutnej-irsky-tanec-zari-2023","status":"publish","type":"post","link":"https:\/\/www.rinceoiri.cz\/en\/aktuality\/ochutnej-irsky-tanec-zari-2023\/","title":{"rendered":"Ochutnej irsk\u00fd tanec &#8211; z\u00e1\u0159\u00ed 2023"},"content":{"rendered":"<div data-elementor-type=\"wp-post\" data-elementor-id=\"1982\" class=\"elementor elementor-1982\" data-elementor-settings=\"[]\">\n\t\t\t<div class=\"elementor-inner\">\n\t\t\t\t<div class=\"elementor-section-wrap\">\n\t\t\t\t\t\t\t<section class=\"elementor-element elementor-element-d52c948 elementor-section-boxed elementor-section-height-default elementor-section-height-default elementor-section elementor-top-section\" data-id=\"d52c948\" data-element_type=\"section\">\n\t\t\t\t\t\t<div class=\"elementor-container elementor-column-gap-default\">\n\t\t\t\t<div class=\"elementor-row\">\n\t\t\t\t<div class=\"elementor-element elementor-element-e5e5939 elementor-column elementor-col-100 elementor-top-column\" data-id=\"e5e5939\" data-element_type=\"column\">\n\t\t\t<div class=\"elementor-column-wrap  elementor-element-populated\">\n\t\t\t\t\t<div class=\"elementor-widget-wrap\">\n\t\t\t\t<div class=\"elementor-element elementor-element-fcf1979 elementor-widget elementor-widget-text-editor\" data-id=\"fcf1979\" data-element_type=\"widget\" data-widget_type=\"text-editor.default\">\n\t\t\t\t<div class=\"elementor-widget-container\">\n\t\t\t\t\t<div class=\"elementor-text-editor elementor-clearfix\"><p><span style=\"color: #000000;\">Jako ka\u017ed\u00fd rok, i letos prob\u011bhne na\u0161e tradi\u010dn\u00ed z\u00e1\u0159ijov\u00e1 lekce irsk\u00e9ho tance pro za\u010d\u00e1te\u010dn\u00edky. A\u0165 u\u017e hled\u00e1te novou aktivitu pro Va\u0161e d\u011bti, nebo si zkr\u00e1tka chcete vyzkou\u0161et co takov\u00fd irsk\u00fd tanec obn\u00e1\u0161\u00ed, na\u0161e dvouhodinov\u00e1 lekce je ide\u00e1ln\u00edm \u0159e\u0161en\u00edm. Tak nev\u00e1hejte a p\u0159ihlaste se na jeden ze dvou vypsan\u00fdch term\u00edn\u016f.<\/span><\/p><p><span style=\"color: #000000;\"><span style=\"font-weight: bolder;\">Jak lekce prob\u00edh\u00e1?<\/span><\/span><\/p><p><span style=\"color: #000000;\">Pod veden\u00edm mil\u00fdch a zku\u0161en\u00fdch lektorek se nau\u010d\u00edte z\u00e1kladn\u00ed kroky irsk\u00e9ho tance v m\u011bkk\u00fdch bot\u00e1ch (tzv. soft shoes), jednoduch\u00e9 tance a na z\u00e1v\u011br si zatan\u010d\u00edte kr\u00e1tkou choreografii. Kurz je vhodn\u00fd pro dosp\u011bl\u00e9 a d\u011bti od 12 let.<\/span><\/p><p><span style=\"color: #000000;\">Nemus\u00edte se b\u00e1t, \u017ee bychom po V\u00e1s na semin\u00e1\u0159i cht\u011bli dokonal\u00e9 v\u00fdkony, jde sp\u00ed\u0161e o\u00a0to si zatancovat, pobavit se a\u00a0vyzkou\u0161et n\u011bco nov\u00e9ho. Pokud by V\u00e1s irsk\u00fd tanec zaujal natolik, \u017ee byste se mu cht\u011bli v\u011bnovat d\u00e1l, nab\u00edz\u00edme spoustu kurz\u016f pro d\u011bti i\u00a0dosp\u011bl\u00e9 v\u00a0Rinceoir\u00ed Irish Dance Academy.<\/span><\/p><p><span style=\"color: #000000;\"><span style=\"font-weight: bolder;\">Co budete pot\u0159ebovat?<\/span><\/span><\/p><p><span style=\"color: #000000;\">Pohodln\u00e9 sportovn\u00ed oble\u010den\u00ed, boty \u2013 baletn\u00ed pi\u0161koty (pokud m\u00e1te) nebo m\u011bk\u010d\u00ed tenisky s b\u00edlou podr\u00e1\u017ekou (aby nebarvily podlahu s\u00e1lu), dostatek vody a mal\u00fd ru\u010dn\u00edk.<\/span><\/p><p><span style=\"color: #000000;\"><span style=\"font-weight: bolder;\">Term\u00edny<\/span>: 23. 9. a 30. 9. 2023 od 17:00 do 19:00<\/span><\/p><p><span style=\"color: #000000;\"><span style=\"font-weight: bolder;\">M\u00edsto:\u00a0<\/span>Tane\u010dn\u00ed studio Voila, M\u00e1nesova 1648\/80, 120 00 Praha 2, Vinohrady<\/span><\/p><p><span style=\"color: #000000;\"><span style=\"font-weight: bolder;\">Cena:<\/span>\u00a0600 K\u010d<\/span><\/p><p><span style=\"color: #000000;\">Nav\u00edc ka\u017ed\u00fd, kdo se t\u00e9to akce z\u00fa\u010dastn\u00ed, dostane slevu 10% na kurzovn\u00e9 v nadch\u00e1zej\u00edc\u00edm pololet\u00ed!<\/span><\/p><p><span style=\"color: #000000;\">Pro p\u0159ihl\u00e1\u0161en\u00ed na lekci pros\u00edm vypl\u0148te na na\u0161em webu <a href=\"https:\/\/www.rinceoiri.cz\/en\/prihlaska\/\">p\u0159ihl\u00e1\u0161ku<\/a>, v kolonce kurz za\u0161krtn\u011bte lekci \u201cOchutnej irsk\u00fd tanec\u201d a do pozn\u00e1mky uve\u010fte V\u00e1mi vybran\u00fd term\u00edn.<\/span><\/p><p><span style=\"color: #000000;\">Nev\u00e1hejte dlouho, kapacita lekc\u00ed je omezen\u00e1!<\/span><\/p><p><span style=\"color: #000000;\">Budeme se na V\u00e1s t\u011b\u0161it v z\u00e1\u0159\u00ed!<\/span><\/p><\/div>\n\t\t\t\t<\/div>\n\t\t\t\t<\/div>\n\t\t\t\t\t\t<\/div>\n\t\t\t<\/div>\n\t\t<\/div>\n\t\t\t\t\t\t<\/div>\n\t\t\t<\/div>\n\t\t<\/section>\n\t\t\t\t\t\t<\/div>\n\t\t\t<\/div>\n\t\t<\/div>","protected":false},"excerpt":{"rendered":"<p>Jako ka\u017ed\u00fd rok, i letos prob\u011bhne na\u0161e tradi\u010dn\u00ed z\u00e1\u0159ijov\u00e1 lekce irsk\u00e9ho tance pro za\u010d\u00e1te\u010dn\u00edky. A\u0165 u\u017e hled\u00e1te novou aktivitu pro Va\u0161e d\u011bti, nebo si zkr\u00e1tka chcete vyzkou\u0161et co takov\u00fd irsk\u00fd tanec obn\u00e1\u0161\u00ed, na\u0161e dvouhodinov\u00e1 lekce je ide\u00e1ln\u00edm \u0159e\u0161en\u00edm. Tak nev\u00e1hejte a p\u0159ihlaste se na jeden ze dvou vypsan\u00fdch term\u00edn\u016f. Jak lekce prob\u00edh\u00e1? Pod veden\u00edm mil\u00fdch [&hellip;]<\/p>","protected":false},"author":1,"featured_media":314,"comment_status":"open","ping_status":"open","sticky":false,"template":"","format":"standard","meta":[],"categories":[9],"tags":[16,15,20,17,18],"yoast_head":"<!-- This site is optimized with the Yoast SEO plugin v19.6 - https:\/\/yoast.com\/wordpress\/plugins\/seo\/ -->\n<title>Ochutnej irsk\u00fd tanec - z\u00e1\u0159\u00ed 2023 - Rinceoir\u00ed - klub irsk\u00fdch tanc\u016f<\/title>\n<meta name=\"robots\" content=\"index, follow, max-snippet:-1, max-image-preview:large, max-video-preview:-1\" \/>\n<link rel=\"canonical\" href=\"https:\/\/www.rinceoiri.cz\/en\/aktuality\/ochutnej-irsky-tanec-zari-2023\/\" \/>\n<meta property=\"og:locale\" content=\"en_GB\" \/>\n<meta property=\"og:type\" content=\"article\" \/>\n<meta property=\"og:title\" content=\"Ochutnej irsk\u00fd tanec - z\u00e1\u0159\u00ed 2023 - Rinceoir\u00ed - klub irsk\u00fdch tanc\u016f\" \/>\n<meta property=\"og:description\" content=\"Jako ka\u017ed\u00fd rok, i letos prob\u011bhne na\u0161e tradi\u010dn\u00ed z\u00e1\u0159ijov\u00e1 lekce irsk\u00e9ho tance pro za\u010d\u00e1te\u010dn\u00edky. A\u0165 u\u017e hled\u00e1te novou aktivitu pro Va\u0161e d\u011bti, nebo si zkr\u00e1tka chcete vyzkou\u0161et co takov\u00fd irsk\u00fd tanec obn\u00e1\u0161\u00ed, na\u0161e dvouhodinov\u00e1 lekce je ide\u00e1ln\u00edm \u0159e\u0161en\u00edm. Tak nev\u00e1hejte a p\u0159ihlaste se na jeden ze dvou vypsan\u00fdch term\u00edn\u016f. Jak lekce prob\u00edh\u00e1? Pod veden\u00edm mil\u00fdch [&hellip;]\" \/>\n<meta property=\"og:url\" content=\"https:\/\/www.rinceoiri.cz\/en\/aktuality\/ochutnej-irsky-tanec-zari-2023\/\" \/>\n<meta property=\"og:site_name\" content=\"Rinceoir\u00ed - klub irsk\u00fdch tanc\u016f\" \/>\n<meta property=\"article:publisher\" content=\"https:\/\/www.facebook.com\/rinceoiri\/\" \/>\n<meta property=\"article:published_time\" content=\"2023-07-09T20:08:27+00:00\" \/>\n<meta property=\"article:modified_time\" content=\"2023-07-09T20:10:15+00:00\" \/>\n<meta property=\"og:image\" content=\"https:\/\/www.rinceoiri.cz\/wp-content\/uploads\/2020\/05\/1-105-of-159.jpg\" \/>\n\t<meta property=\"og:image:width\" content=\"2000\" \/>\n\t<meta property=\"og:image:height\" content=\"1333\" \/>\n\t<meta property=\"og:image:type\" content=\"image\/jpeg\" \/>\n<meta name=\"author\" content=\"admin\" \/>\n<meta name=\"twitter:card\" content=\"summary_large_image\" \/>\n<meta name=\"twitter:label1\" content=\"Written by\" \/>\n\t<meta name=\"twitter:data1\" content=\"admin\" \/>\n<script type=\"application\/ld+json\" class=\"yoast-schema-graph\">{\"@context\":\"https:\/\/schema.org\",\"@graph\":[{\"@type\":\"Article\",\"@id\":\"https:\/\/www.rinceoiri.cz\/aktuality\/ochutnej-irsky-tanec-zari-2023\/#article\",\"isPartOf\":{\"@id\":\"https:\/\/www.rinceoiri.cz\/aktuality\/ochutnej-irsky-tanec-zari-2023\/\"},\"author\":{\"name\":\"admin\",\"@id\":\"https:\/\/www.rinceoiri.cz\/#\/schema\/person\/0bc32ce63766655bbfc923f9e237dde4\"},\"headline\":\"Ochutnej irsk\u00fd tanec &#8211; z\u00e1\u0159\u00ed 2023\",\"datePublished\":\"2023-07-09T20:08:27+00:00\",\"dateModified\":\"2023-07-09T20:10:15+00:00\",\"mainEntityOfPage\":{\"@id\":\"https:\/\/www.rinceoiri.cz\/aktuality\/ochutnej-irsky-tanec-zari-2023\/\"},\"wordCount\":328,\"commentCount\":0,\"publisher\":{\"@id\":\"https:\/\/www.rinceoiri.cz\/#organization\"},\"keywords\":[\"Kurzy\",\"Lekce\",\"Praha\",\"Tanec\",\"Workshop\"],\"articleSection\":[\"Aktuality\"],\"inLanguage\":\"en-GB\",\"potentialAction\":[{\"@type\":\"CommentAction\",\"name\":\"Comment\",\"target\":[\"https:\/\/www.rinceoiri.cz\/aktuality\/ochutnej-irsky-tanec-zari-2023\/#respond\"]}]},{\"@type\":\"WebPage\",\"@id\":\"https:\/\/www.rinceoiri.cz\/aktuality\/ochutnej-irsky-tanec-zari-2023\/\",\"url\":\"https:\/\/www.rinceoiri.cz\/aktuality\/ochutnej-irsky-tanec-zari-2023\/\",\"name\":\"Ochutnej irsk\u00fd tanec - z\u00e1\u0159\u00ed 2023 - Rinceoir\u00ed - klub irsk\u00fdch tanc\u016f\",\"isPartOf\":{\"@id\":\"https:\/\/www.rinceoiri.cz\/#website\"},\"datePublished\":\"2023-07-09T20:08:27+00:00\",\"dateModified\":\"2023-07-09T20:10:15+00:00\",\"breadcrumb\":{\"@id\":\"https:\/\/www.rinceoiri.cz\/aktuality\/ochutnej-irsky-tanec-zari-2023\/#breadcrumb\"},\"inLanguage\":\"en-GB\",\"potentialAction\":[{\"@type\":\"ReadAction\",\"target\":[\"https:\/\/www.rinceoiri.cz\/aktuality\/ochutnej-irsky-tanec-zari-2023\/\"]}]},{\"@type\":\"BreadcrumbList\",\"@id\":\"https:\/\/www.rinceoiri.cz\/aktuality\/ochutnej-irsky-tanec-zari-2023\/#breadcrumb\",\"itemListElement\":[{\"@type\":\"ListItem\",\"position\":1,\"name\":\"Dom\u016f\",\"item\":\"https:\/\/www.rinceoiri.cz\/\"},{\"@type\":\"ListItem\",\"position\":2,\"name\":\"Ochutnej irsk\u00fd tanec &#8211; z\u00e1\u0159\u00ed 2023\"}]},{\"@type\":\"WebSite\",\"@id\":\"https:\/\/www.rinceoiri.cz\/#website\",\"url\":\"https:\/\/www.rinceoiri.cz\/\",\"name\":\"Rinceoir\u00ed - klub irsk\u00fdch tanc\u016f\",\"description\":\"V\u00fduka irsk\u00fdch tanc\u016f, irsk\u00e9 tance - nab\u00eddka vystoupen\u00ed\",\"publisher\":{\"@id\":\"https:\/\/www.rinceoiri.cz\/#organization\"},\"potentialAction\":[{\"@type\":\"SearchAction\",\"target\":{\"@type\":\"EntryPoint\",\"urlTemplate\":\"https:\/\/www.rinceoiri.cz\/?s={search_term_string}\"},\"query-input\":\"required name=search_term_string\"}],\"inLanguage\":\"en-GB\"},{\"@type\":\"Organization\",\"@id\":\"https:\/\/www.rinceoiri.cz\/#organization\",\"name\":\"Rinceoir\u00ed\",\"url\":\"https:\/\/www.rinceoiri.cz\/\",\"sameAs\":[\"https:\/\/www.instagram.com\/rinceoiri\/\",\"https:\/\/www.youtube.com\/channel\/UCtSffFpv2_EKMMuwlOJynnA\",\"https:\/\/www.facebook.com\/rinceoiri\/\"],\"logo\":{\"@type\":\"ImageObject\",\"inLanguage\":\"en-GB\",\"@id\":\"https:\/\/www.rinceoiri.cz\/#\/schema\/logo\/image\/\",\"url\":\"https:\/\/www.rinceoiri.cz\/wp-content\/uploads\/2020\/06\/Logo-Rince-bez-pozadi_cerne-e1591875742917.png\",\"contentUrl\":\"https:\/\/www.rinceoiri.cz\/wp-content\/uploads\/2020\/06\/Logo-Rince-bez-pozadi_cerne-e1591875742917.png\",\"width\":400,\"height\":87,\"caption\":\"Rinceoir\u00ed\"},\"image\":{\"@id\":\"https:\/\/www.rinceoiri.cz\/#\/schema\/logo\/image\/\"}},{\"@type\":\"Person\",\"@id\":\"https:\/\/www.rinceoiri.cz\/#\/schema\/person\/0bc32ce63766655bbfc923f9e237dde4\",\"name\":\"admin\",\"image\":{\"@type\":\"ImageObject\",\"inLanguage\":\"en-GB\",\"@id\":\"https:\/\/www.rinceoiri.cz\/#\/schema\/person\/image\/\",\"url\":\"https:\/\/secure.gravatar.com\/avatar\/0d0f6a8b78a849f1d5e9a3d4e07f0478?s=96&d=mm&r=g\",\"contentUrl\":\"https:\/\/secure.gravatar.com\/avatar\/0d0f6a8b78a849f1d5e9a3d4e07f0478?s=96&d=mm&r=g\",\"caption\":\"admin\"}}]}<\/script>\n<!-- \/ Yoast SEO plugin. -->","yoast_head_json":{"title":"Ochutnej irsk\u00fd tanec - z\u00e1\u0159\u00ed 2023 - Rinceoir\u00ed - klub irsk\u00fdch tanc\u016f","robots":{"index":"index","follow":"follow","max-snippet":"max-snippet:-1","max-image-preview":"max-image-preview:large","max-video-preview":"max-video-preview:-1"},"canonical":"https:\/\/www.rinceoiri.cz\/en\/aktuality\/ochutnej-irsky-tanec-zari-2023\/","og_locale":"en_GB","og_type":"article","og_title":"Ochutnej irsk\u00fd tanec - z\u00e1\u0159\u00ed 2023 - Rinceoir\u00ed - klub irsk\u00fdch tanc\u016f","og_description":"Jako ka\u017ed\u00fd rok, i letos prob\u011bhne na\u0161e tradi\u010dn\u00ed z\u00e1\u0159ijov\u00e1 lekce irsk\u00e9ho tance pro za\u010d\u00e1te\u010dn\u00edky. A\u0165 u\u017e hled\u00e1te novou aktivitu pro Va\u0161e d\u011bti, nebo si zkr\u00e1tka chcete vyzkou\u0161et co takov\u00fd irsk\u00fd tanec obn\u00e1\u0161\u00ed, na\u0161e dvouhodinov\u00e1 lekce je ide\u00e1ln\u00edm \u0159e\u0161en\u00edm. Tak nev\u00e1hejte a p\u0159ihlaste se na jeden ze dvou vypsan\u00fdch term\u00edn\u016f. Jak lekce prob\u00edh\u00e1? Pod veden\u00edm mil\u00fdch [&hellip;]","og_url":"https:\/\/www.rinceoiri.cz\/en\/aktuality\/ochutnej-irsky-tanec-zari-2023\/","og_site_name":"Rinceoir\u00ed - klub irsk\u00fdch tanc\u016f","article_publisher":"https:\/\/www.facebook.com\/rinceoiri\/","article_published_time":"2023-07-09T20:08:27+00:00","article_modified_time":"2023-07-09T20:10:15+00:00","og_image":[{"width":2000,"height":1333,"url":"https:\/\/www.rinceoiri.cz\/wp-content\/uploads\/2020\/05\/1-105-of-159.jpg","type":"image\/jpeg"}],"author":"admin","twitter_card":"summary_large_image","twitter_misc":{"Written by":"admin"},"schema":{"@context":"https:\/\/schema.org","@graph":[{"@type":"Article","@id":"https:\/\/www.rinceoiri.cz\/aktuality\/ochutnej-irsky-tanec-zari-2023\/#article","isPartOf":{"@id":"https:\/\/www.rinceoiri.cz\/aktuality\/ochutnej-irsky-tanec-zari-2023\/"},"author":{"name":"admin","@id":"https:\/\/www.rinceoiri.cz\/#\/schema\/person\/0bc32ce63766655bbfc923f9e237dde4"},"headline":"Ochutnej irsk\u00fd tanec &#8211; z\u00e1\u0159\u00ed 2023","datePublished":"2023-07-09T20:08:27+00:00","dateModified":"2023-07-09T20:10:15+00:00","mainEntityOfPage":{"@id":"https:\/\/www.rinceoiri.cz\/aktuality\/ochutnej-irsky-tanec-zari-2023\/"},"wordCount":328,"commentCount":0,"publisher":{"@id":"https:\/\/www.rinceoiri.cz\/#organization"},"keywords":["Kurzy","Lekce","Praha","Tanec","Workshop"],"articleSection":["Aktuality"],"inLanguage":"en-GB","potentialAction":[{"@type":"CommentAction","name":"Comment","target":["https:\/\/www.rinceoiri.cz\/aktuality\/ochutnej-irsky-tanec-zari-2023\/#respond"]}]},{"@type":"WebPage","@id":"https:\/\/www.rinceoiri.cz\/aktuality\/ochutnej-irsky-tanec-zari-2023\/","url":"https:\/\/www.rinceoiri.cz\/aktuality\/ochutnej-irsky-tanec-zari-2023\/","name":"Ochutnej irsk\u00fd tanec - z\u00e1\u0159\u00ed 2023 - Rinceoir\u00ed - klub irsk\u00fdch tanc\u016f","isPartOf":{"@id":"https:\/\/www.rinceoiri.cz\/#website"},"datePublished":"2023-07-09T20:08:27+00:00","dateModified":"2023-07-09T20:10:15+00:00","breadcrumb":{"@id":"https:\/\/www.rinceoiri.cz\/aktuality\/ochutnej-irsky-tanec-zari-2023\/#breadcrumb"},"inLanguage":"en-GB","potentialAction":[{"@type":"ReadAction","target":["https:\/\/www.rinceoiri.cz\/aktuality\/ochutnej-irsky-tanec-zari-2023\/"]}]},{"@type":"BreadcrumbList","@id":"https:\/\/www.rinceoiri.cz\/aktuality\/ochutnej-irsky-tanec-zari-2023\/#breadcrumb","itemListElement":[{"@type":"ListItem","position":1,"name":"Dom\u016f","item":"https:\/\/www.rinceoiri.cz\/"},{"@type":"ListItem","position":2,"name":"Ochutnej irsk\u00fd tanec &#8211; z\u00e1\u0159\u00ed 2023"}]},{"@type":"WebSite","@id":"https:\/\/www.rinceoiri.cz\/#website","url":"https:\/\/www.rinceoiri.cz\/","name":"Rinceoir\u00ed - klub irsk\u00fdch tanc\u016f","description":"V\u00fduka irsk\u00fdch tanc\u016f, irsk\u00e9 tance - nab\u00eddka vystoupen\u00ed","publisher":{"@id":"https:\/\/www.rinceoiri.cz\/#organization"},"potentialAction":[{"@type":"SearchAction","target":{"@type":"EntryPoint","urlTemplate":"https:\/\/www.rinceoiri.cz\/?s={search_term_string}"},"query-input":"required name=search_term_string"}],"inLanguage":"en-GB"},{"@type":"Organization","@id":"https:\/\/www.rinceoiri.cz\/#organization","name":"Rinceoir\u00ed","url":"https:\/\/www.rinceoiri.cz\/","sameAs":["https:\/\/www.instagram.com\/rinceoiri\/","https:\/\/www.youtube.com\/channel\/UCtSffFpv2_EKMMuwlOJynnA","https:\/\/www.facebook.com\/rinceoiri\/"],"logo":{"@type":"ImageObject","inLanguage":"en-GB","@id":"https:\/\/www.rinceoiri.cz\/#\/schema\/logo\/image\/","url":"https:\/\/www.rinceoiri.cz\/wp-content\/uploads\/2020\/06\/Logo-Rince-bez-pozadi_cerne-e1591875742917.png","contentUrl":"https:\/\/www.rinceoiri.cz\/wp-content\/uploads\/2020\/06\/Logo-Rince-bez-pozadi_cerne-e1591875742917.png","width":400,"height":87,"caption":"Rinceoir\u00ed"},"image":{"@id":"https:\/\/www.rinceoiri.cz\/#\/schema\/logo\/image\/"}},{"@type":"Person","@id":"https:\/\/www.rinceoiri.cz\/#\/schema\/person\/0bc32ce63766655bbfc923f9e237dde4","name":"admin","image":{"@type":"ImageObject","inLanguage":"en-GB","@id":"https:\/\/www.rinceoiri.cz\/#\/schema\/person\/image\/","url":"https:\/\/secure.gravatar.com\/avatar\/0d0f6a8b78a849f1d5e9a3d4e07f0478?s=96&d=mm&r=g","contentUrl":"https:\/\/secure.gravatar.com\/avatar\/0d0f6a8b78a849f1d5e9a3d4e07f0478?s=96&d=mm&r=g","caption":"admin"}}]}},"_links":{"self":[{"href":"https:\/\/www.rinceoiri.cz\/en\/wp-json\/wp\/v2\/posts\/1982"}],"collection":[{"href":"https:\/\/www.rinceoiri.cz\/en\/wp-json\/wp\/v2\/posts"}],"about":[{"href":"https:\/\/www.rinceoiri.cz\/en\/wp-json\/wp\/v2\/types\/post"}],"author":[{"embeddable":true,"href":"https:\/\/www.rinceoiri.cz\/en\/wp-json\/wp\/v2\/users\/1"}],"replies":[{"embeddable":true,"href":"https:\/\/www.rinceoiri.cz\/en\/wp-json\/wp\/v2\/comments?post=1982"}],"version-history":[{"count":7,"href":"https:\/\/www.rinceoiri.cz\/en\/wp-json\/wp\/v2\/posts\/1982\/revisions"}],"predecessor-version":[{"id":1989,"href":"https:\/\/www.rinceoiri.cz\/en\/wp-json\/wp\/v2\/posts\/1982\/revisions\/1989"}],"wp:featuredmedia":[{"embeddable":true,"href":"https:\/\/www.rinceoiri.cz\/en\/wp-json\/wp\/v2\/media\/314"}],"wp:attachment":[{"href":"https:\/\/www.rinceoiri.cz\/en\/wp-json\/wp\/v2\/media?parent=1982"}],"wp:term":[{"taxonomy":"category","embeddable":true,"href":"https:\/\/www.rinceoiri.cz\/en\/wp-json\/wp\/v2\/categories?post=1982"},{"taxonomy":"post_tag","embeddable":true,"href":"https:\/\/www.rinceoiri.cz\/en\/wp-json\/wp\/v2\/tags?post=1982"}],"curies":[{"name":"wp","href":"https:\/\/api.w.org\/{rel}","templated":true}]}}