{"id":427,"date":"2014-09-16T18:38:11","date_gmt":"2014-09-16T17:38:11","guid":{"rendered":"http:\/\/www.rinceoiri.cz\/rida\/?p=174"},"modified":"2020-05-30T17:07:55","modified_gmt":"2020-05-30T17:07:55","slug":"berlin-feis-vienna-feis-2014","status":"publish","type":"post","link":"https:\/\/www.rinceoiri.cz\/en\/aktuality\/berlin-feis-vienna-feis-2014\/","title":{"rendered":"Berlin Feis &#038; Vienna Feis 2014"},"content":{"rendered":"<p>R\u00e1di bychom p\u0159ipomn\u011bli v\u0161em tane\u010dn\u00edk\u016fm, kte\u0159\u00ed se chystaj\u00ed na sout\u011b\u017e do Berl\u00edna \u010di V\u00eddn\u011b, \u017ee je nejvy\u0161\u0161\u00ed \u010das pos\u00edlat p\u0159ihl\u00e1\u0161ky. \u010casov\u00fd rozvrh berl\u00ednsk\u00e9 sout\u011b\u017ee, kter\u00e1 se kon\u00e1 v sobotu 4. \u0159\u00edjna, najdete <a title=\"here\" href=\"http:\/\/www.jigsandreels.de\/?page_id=412\" target=\"_blank\" rel=\"noopener noreferrer\">here<\/a>. P\u0159ihl\u00e1sit se m\u016f\u017eete nejpozd\u011bji do <strong>24. z\u00e1\u0159\u00ed<\/strong>!<\/p>\n<p>Pokud se chyst\u00e1te do V\u00eddn\u011b, m\u00e1te \u010dasu trochu v\u00edc. Sout\u011b\u017e se kon\u00e1 o v\u00edkendu 11. a 12. \u0159\u00edjna a p\u0159ihl\u00e1\u0161ky je nutn\u00e9 poslat do <strong>1. \u0159\u00edjna<\/strong>. \u010casov\u00fd rozvrh a v\u0161echny pot\u0159ebn\u00e9 informace k v\u00edde\u0148sk\u00e9 sout\u011b\u017ei najdete <a title=\"here\" href=\"http:\/\/www.viennafeis.at\/syllabus.html\" target=\"_blank\" rel=\"noopener noreferrer\">here<\/a>.<\/p>\n<p>A jak se m\u016f\u017eete p\u0159ihl\u00e1sit? Napi\u0161te n\u00e1m p\u0159\u00edsp\u011bvek do facebookov\u00e9 skupiny Delaney Academy s \u010d\u00edsly tanc\u016f, na kter\u00e9 se p\u0159ihla\u0161ujete, nebo n\u00e1m po\u0161lete e-mail na info@rinceoiri.cz. Douf\u00e1me, \u017ee alespo\u0148 na jednu ze sout\u011b\u017e\u00ed vyraz\u00edte a p\u0159ejeme V\u00e1m mnoho \u00fasp\u011bch\u016f!<\/p>","protected":false},"excerpt":{"rendered":"<p>R\u00e1di bychom p\u0159ipomn\u011bli v\u0161em tane\u010dn\u00edk\u016fm, kte\u0159\u00ed se chystaj\u00ed na sout\u011b\u017e do Berl\u00edna \u010di V\u00eddn\u011b, \u017ee je nejvy\u0161\u0161\u00ed \u010das pos\u00edlat p\u0159ihl\u00e1\u0161ky. \u010casov\u00fd rozvrh berl\u00ednsk\u00e9 sout\u011b\u017ee, kter\u00e1 se kon\u00e1 v sobotu 4. \u0159\u00edjna, najdete zde. P\u0159ihl\u00e1sit se m\u016f\u017eete nejpozd\u011bji do 24. z\u00e1\u0159\u00ed! Pokud se chyst\u00e1te do V\u00eddn\u011b, m\u00e1te \u010dasu trochu v\u00edc. Sout\u011b\u017e se kon\u00e1 o v\u00edkendu 11. [&hellip;]<\/p>","protected":false},"author":1,"featured_media":0,"comment_status":"open","ping_status":"open","sticky":false,"template":"","format":"standard","meta":[],"categories":[9,10],"tags":[],"yoast_head":"<!-- This site is optimized with the Yoast SEO plugin v19.6 - https:\/\/yoast.com\/wordpress\/plugins\/seo\/ -->\n<title>Berlin Feis &amp; Vienna Feis 2014 - Rinceoir\u00ed - klub irsk\u00fdch tanc\u016f<\/title>\n<meta name=\"robots\" content=\"index, follow, max-snippet:-1, max-image-preview:large, max-video-preview:-1\" \/>\n<link rel=\"canonical\" href=\"https:\/\/www.rinceoiri.cz\/en\/aktuality\/berlin-feis-vienna-feis-2014\/\" \/>\n<meta property=\"og:locale\" content=\"en_GB\" \/>\n<meta property=\"og:type\" content=\"article\" \/>\n<meta property=\"og:title\" content=\"Berlin Feis &amp; Vienna Feis 2014 - Rinceoir\u00ed - klub irsk\u00fdch tanc\u016f\" \/>\n<meta property=\"og:description\" content=\"R\u00e1di bychom p\u0159ipomn\u011bli v\u0161em tane\u010dn\u00edk\u016fm, kte\u0159\u00ed se chystaj\u00ed na sout\u011b\u017e do Berl\u00edna \u010di V\u00eddn\u011b, \u017ee je nejvy\u0161\u0161\u00ed \u010das pos\u00edlat p\u0159ihl\u00e1\u0161ky. \u010casov\u00fd rozvrh berl\u00ednsk\u00e9 sout\u011b\u017ee, kter\u00e1 se kon\u00e1 v sobotu 4. \u0159\u00edjna, najdete zde. P\u0159ihl\u00e1sit se m\u016f\u017eete nejpozd\u011bji do 24. z\u00e1\u0159\u00ed! Pokud se chyst\u00e1te do V\u00eddn\u011b, m\u00e1te \u010dasu trochu v\u00edc. Sout\u011b\u017e se kon\u00e1 o v\u00edkendu 11. [&hellip;]\" \/>\n<meta property=\"og:url\" content=\"https:\/\/www.rinceoiri.cz\/en\/aktuality\/berlin-feis-vienna-feis-2014\/\" \/>\n<meta property=\"og:site_name\" content=\"Rinceoir\u00ed - klub irsk\u00fdch tanc\u016f\" \/>\n<meta property=\"article:publisher\" content=\"https:\/\/www.facebook.com\/rinceoiri\/\" \/>\n<meta property=\"article:published_time\" content=\"2014-09-16T17:38:11+00:00\" \/>\n<meta property=\"article:modified_time\" content=\"2020-05-30T17:07:55+00:00\" \/>\n<meta name=\"author\" content=\"admin\" \/>\n<meta name=\"twitter:card\" content=\"summary_large_image\" \/>\n<meta name=\"twitter:label1\" content=\"Written by\" \/>\n\t<meta name=\"twitter:data1\" content=\"admin\" \/>\n\t<meta name=\"twitter:label2\" content=\"Estimated reading time\" \/>\n\t<meta name=\"twitter:data2\" content=\"1 minute\" \/>\n<script type=\"application\/ld+json\" class=\"yoast-schema-graph\">{\"@context\":\"https:\/\/schema.org\",\"@graph\":[{\"@type\":\"Article\",\"@id\":\"https:\/\/www.rinceoiri.cz\/aktuality\/berlin-feis-vienna-feis-2014\/#article\",\"isPartOf\":{\"@id\":\"https:\/\/www.rinceoiri.cz\/aktuality\/berlin-feis-vienna-feis-2014\/\"},\"author\":{\"name\":\"admin\",\"@id\":\"https:\/\/www.rinceoiri.cz\/#\/schema\/person\/0bc32ce63766655bbfc923f9e237dde4\"},\"headline\":\"Berlin Feis &#038; Vienna Feis 2014\",\"datePublished\":\"2014-09-16T17:38:11+00:00\",\"dateModified\":\"2020-05-30T17:07:55+00:00\",\"mainEntityOfPage\":{\"@id\":\"https:\/\/www.rinceoiri.cz\/aktuality\/berlin-feis-vienna-feis-2014\/\"},\"wordCount\":163,\"commentCount\":0,\"publisher\":{\"@id\":\"https:\/\/www.rinceoiri.cz\/#organization\"},\"articleSection\":[\"Aktuality\",\"Neza\u0159azen\u00e9\"],\"inLanguage\":\"en-GB\",\"potentialAction\":[{\"@type\":\"CommentAction\",\"name\":\"Comment\",\"target\":[\"https:\/\/www.rinceoiri.cz\/aktuality\/berlin-feis-vienna-feis-2014\/#respond\"]}]},{\"@type\":\"WebPage\",\"@id\":\"https:\/\/www.rinceoiri.cz\/aktuality\/berlin-feis-vienna-feis-2014\/\",\"url\":\"https:\/\/www.rinceoiri.cz\/aktuality\/berlin-feis-vienna-feis-2014\/\",\"name\":\"Berlin Feis & Vienna Feis 2014 - Rinceoir\u00ed - klub irsk\u00fdch tanc\u016f\",\"isPartOf\":{\"@id\":\"https:\/\/www.rinceoiri.cz\/#website\"},\"datePublished\":\"2014-09-16T17:38:11+00:00\",\"dateModified\":\"2020-05-30T17:07:55+00:00\",\"breadcrumb\":{\"@id\":\"https:\/\/www.rinceoiri.cz\/aktuality\/berlin-feis-vienna-feis-2014\/#breadcrumb\"},\"inLanguage\":\"en-GB\",\"potentialAction\":[{\"@type\":\"ReadAction\",\"target\":[\"https:\/\/www.rinceoiri.cz\/aktuality\/berlin-feis-vienna-feis-2014\/\"]}]},{\"@type\":\"BreadcrumbList\",\"@id\":\"https:\/\/www.rinceoiri.cz\/aktuality\/berlin-feis-vienna-feis-2014\/#breadcrumb\",\"itemListElement\":[{\"@type\":\"ListItem\",\"position\":1,\"name\":\"Dom\u016f\",\"item\":\"https:\/\/www.rinceoiri.cz\/\"},{\"@type\":\"ListItem\",\"position\":2,\"name\":\"Berlin Feis &#038; Vienna Feis 2014\"}]},{\"@type\":\"WebSite\",\"@id\":\"https:\/\/www.rinceoiri.cz\/#website\",\"url\":\"https:\/\/www.rinceoiri.cz\/\",\"name\":\"Rinceoir\u00ed - klub irsk\u00fdch tanc\u016f\",\"description\":\"V\u00fduka irsk\u00fdch tanc\u016f, irsk\u00e9 tance - nab\u00eddka vystoupen\u00ed\",\"publisher\":{\"@id\":\"https:\/\/www.rinceoiri.cz\/#organization\"},\"potentialAction\":[{\"@type\":\"SearchAction\",\"target\":{\"@type\":\"EntryPoint\",\"urlTemplate\":\"https:\/\/www.rinceoiri.cz\/?s={search_term_string}\"},\"query-input\":\"required name=search_term_string\"}],\"inLanguage\":\"en-GB\"},{\"@type\":\"Organization\",\"@id\":\"https:\/\/www.rinceoiri.cz\/#organization\",\"name\":\"Rinceoir\u00ed\",\"url\":\"https:\/\/www.rinceoiri.cz\/\",\"sameAs\":[\"https:\/\/www.instagram.com\/rinceoiri\/\",\"https:\/\/www.youtube.com\/channel\/UCtSffFpv2_EKMMuwlOJynnA\",\"https:\/\/www.facebook.com\/rinceoiri\/\"],\"logo\":{\"@type\":\"ImageObject\",\"inLanguage\":\"en-GB\",\"@id\":\"https:\/\/www.rinceoiri.cz\/#\/schema\/logo\/image\/\",\"url\":\"https:\/\/www.rinceoiri.cz\/wp-content\/uploads\/2020\/06\/Logo-Rince-bez-pozadi_cerne-e1591875742917.png\",\"contentUrl\":\"https:\/\/www.rinceoiri.cz\/wp-content\/uploads\/2020\/06\/Logo-Rince-bez-pozadi_cerne-e1591875742917.png\",\"width\":400,\"height\":87,\"caption\":\"Rinceoir\u00ed\"},\"image\":{\"@id\":\"https:\/\/www.rinceoiri.cz\/#\/schema\/logo\/image\/\"}},{\"@type\":\"Person\",\"@id\":\"https:\/\/www.rinceoiri.cz\/#\/schema\/person\/0bc32ce63766655bbfc923f9e237dde4\",\"name\":\"admin\",\"image\":{\"@type\":\"ImageObject\",\"inLanguage\":\"en-GB\",\"@id\":\"https:\/\/www.rinceoiri.cz\/#\/schema\/person\/image\/\",\"url\":\"https:\/\/secure.gravatar.com\/avatar\/0d0f6a8b78a849f1d5e9a3d4e07f0478?s=96&d=mm&r=g\",\"contentUrl\":\"https:\/\/secure.gravatar.com\/avatar\/0d0f6a8b78a849f1d5e9a3d4e07f0478?s=96&d=mm&r=g\",\"caption\":\"admin\"}}]}<\/script>\n<!-- \/ Yoast SEO plugin. -->","yoast_head_json":{"title":"Berlin Feis & Vienna Feis 2014 - Rinceoir\u00ed - klub irsk\u00fdch tanc\u016f","robots":{"index":"index","follow":"follow","max-snippet":"max-snippet:-1","max-image-preview":"max-image-preview:large","max-video-preview":"max-video-preview:-1"},"canonical":"https:\/\/www.rinceoiri.cz\/en\/aktuality\/berlin-feis-vienna-feis-2014\/","og_locale":"en_GB","og_type":"article","og_title":"Berlin Feis & Vienna Feis 2014 - Rinceoir\u00ed - klub irsk\u00fdch tanc\u016f","og_description":"R\u00e1di bychom p\u0159ipomn\u011bli v\u0161em tane\u010dn\u00edk\u016fm, kte\u0159\u00ed se chystaj\u00ed na sout\u011b\u017e do Berl\u00edna \u010di V\u00eddn\u011b, \u017ee je nejvy\u0161\u0161\u00ed \u010das pos\u00edlat p\u0159ihl\u00e1\u0161ky. \u010casov\u00fd rozvrh berl\u00ednsk\u00e9 sout\u011b\u017ee, kter\u00e1 se kon\u00e1 v sobotu 4. \u0159\u00edjna, najdete zde. P\u0159ihl\u00e1sit se m\u016f\u017eete nejpozd\u011bji do 24. z\u00e1\u0159\u00ed! Pokud se chyst\u00e1te do V\u00eddn\u011b, m\u00e1te \u010dasu trochu v\u00edc. Sout\u011b\u017e se kon\u00e1 o v\u00edkendu 11. [&hellip;]","og_url":"https:\/\/www.rinceoiri.cz\/en\/aktuality\/berlin-feis-vienna-feis-2014\/","og_site_name":"Rinceoir\u00ed - klub irsk\u00fdch tanc\u016f","article_publisher":"https:\/\/www.facebook.com\/rinceoiri\/","article_published_time":"2014-09-16T17:38:11+00:00","article_modified_time":"2020-05-30T17:07:55+00:00","author":"admin","twitter_card":"summary_large_image","twitter_misc":{"Written by":"admin","Estimated reading time":"1 minute"},"schema":{"@context":"https:\/\/schema.org","@graph":[{"@type":"Article","@id":"https:\/\/www.rinceoiri.cz\/aktuality\/berlin-feis-vienna-feis-2014\/#article","isPartOf":{"@id":"https:\/\/www.rinceoiri.cz\/aktuality\/berlin-feis-vienna-feis-2014\/"},"author":{"name":"admin","@id":"https:\/\/www.rinceoiri.cz\/#\/schema\/person\/0bc32ce63766655bbfc923f9e237dde4"},"headline":"Berlin Feis &#038; Vienna Feis 2014","datePublished":"2014-09-16T17:38:11+00:00","dateModified":"2020-05-30T17:07:55+00:00","mainEntityOfPage":{"@id":"https:\/\/www.rinceoiri.cz\/aktuality\/berlin-feis-vienna-feis-2014\/"},"wordCount":163,"commentCount":0,"publisher":{"@id":"https:\/\/www.rinceoiri.cz\/#organization"},"articleSection":["Aktuality","Neza\u0159azen\u00e9"],"inLanguage":"en-GB","potentialAction":[{"@type":"CommentAction","name":"Comment","target":["https:\/\/www.rinceoiri.cz\/aktuality\/berlin-feis-vienna-feis-2014\/#respond"]}]},{"@type":"WebPage","@id":"https:\/\/www.rinceoiri.cz\/aktuality\/berlin-feis-vienna-feis-2014\/","url":"https:\/\/www.rinceoiri.cz\/aktuality\/berlin-feis-vienna-feis-2014\/","name":"Berlin Feis & Vienna Feis 2014 - Rinceoir\u00ed - klub irsk\u00fdch tanc\u016f","isPartOf":{"@id":"https:\/\/www.rinceoiri.cz\/#website"},"datePublished":"2014-09-16T17:38:11+00:00","dateModified":"2020-05-30T17:07:55+00:00","breadcrumb":{"@id":"https:\/\/www.rinceoiri.cz\/aktuality\/berlin-feis-vienna-feis-2014\/#breadcrumb"},"inLanguage":"en-GB","potentialAction":[{"@type":"ReadAction","target":["https:\/\/www.rinceoiri.cz\/aktuality\/berlin-feis-vienna-feis-2014\/"]}]},{"@type":"BreadcrumbList","@id":"https:\/\/www.rinceoiri.cz\/aktuality\/berlin-feis-vienna-feis-2014\/#breadcrumb","itemListElement":[{"@type":"ListItem","position":1,"name":"Dom\u016f","item":"https:\/\/www.rinceoiri.cz\/"},{"@type":"ListItem","position":2,"name":"Berlin Feis &#038; Vienna Feis 2014"}]},{"@type":"WebSite","@id":"https:\/\/www.rinceoiri.cz\/#website","url":"https:\/\/www.rinceoiri.cz\/","name":"Rinceoir\u00ed - klub irsk\u00fdch tanc\u016f","description":"V\u00fduka irsk\u00fdch tanc\u016f, irsk\u00e9 tance - nab\u00eddka vystoupen\u00ed","publisher":{"@id":"https:\/\/www.rinceoiri.cz\/#organization"},"potentialAction":[{"@type":"SearchAction","target":{"@type":"EntryPoint","urlTemplate":"https:\/\/www.rinceoiri.cz\/?s={search_term_string}"},"query-input":"required name=search_term_string"}],"inLanguage":"en-GB"},{"@type":"Organization","@id":"https:\/\/www.rinceoiri.cz\/#organization","name":"Rinceoir\u00ed","url":"https:\/\/www.rinceoiri.cz\/","sameAs":["https:\/\/www.instagram.com\/rinceoiri\/","https:\/\/www.youtube.com\/channel\/UCtSffFpv2_EKMMuwlOJynnA","https:\/\/www.facebook.com\/rinceoiri\/"],"logo":{"@type":"ImageObject","inLanguage":"en-GB","@id":"https:\/\/www.rinceoiri.cz\/#\/schema\/logo\/image\/","url":"https:\/\/www.rinceoiri.cz\/wp-content\/uploads\/2020\/06\/Logo-Rince-bez-pozadi_cerne-e1591875742917.png","contentUrl":"https:\/\/www.rinceoiri.cz\/wp-content\/uploads\/2020\/06\/Logo-Rince-bez-pozadi_cerne-e1591875742917.png","width":400,"height":87,"caption":"Rinceoir\u00ed"},"image":{"@id":"https:\/\/www.rinceoiri.cz\/#\/schema\/logo\/image\/"}},{"@type":"Person","@id":"https:\/\/www.rinceoiri.cz\/#\/schema\/person\/0bc32ce63766655bbfc923f9e237dde4","name":"admin","image":{"@type":"ImageObject","inLanguage":"en-GB","@id":"https:\/\/www.rinceoiri.cz\/#\/schema\/person\/image\/","url":"https:\/\/secure.gravatar.com\/avatar\/0d0f6a8b78a849f1d5e9a3d4e07f0478?s=96&d=mm&r=g","contentUrl":"https:\/\/secure.gravatar.com\/avatar\/0d0f6a8b78a849f1d5e9a3d4e07f0478?s=96&d=mm&r=g","caption":"admin"}}]}},"_links":{"self":[{"href":"https:\/\/www.rinceoiri.cz\/en\/wp-json\/wp\/v2\/posts\/427"}],"collection":[{"href":"https:\/\/www.rinceoiri.cz\/en\/wp-json\/wp\/v2\/posts"}],"about":[{"href":"https:\/\/www.rinceoiri.cz\/en\/wp-json\/wp\/v2\/types\/post"}],"author":[{"embeddable":true,"href":"https:\/\/www.rinceoiri.cz\/en\/wp-json\/wp\/v2\/users\/1"}],"replies":[{"embeddable":true,"href":"https:\/\/www.rinceoiri.cz\/en\/wp-json\/wp\/v2\/comments?post=427"}],"version-history":[{"count":1,"href":"https:\/\/www.rinceoiri.cz\/en\/wp-json\/wp\/v2\/posts\/427\/revisions"}],"predecessor-version":[{"id":1091,"href":"https:\/\/www.rinceoiri.cz\/en\/wp-json\/wp\/v2\/posts\/427\/revisions\/1091"}],"wp:attachment":[{"href":"https:\/\/www.rinceoiri.cz\/en\/wp-json\/wp\/v2\/media?parent=427"}],"wp:term":[{"taxonomy":"category","embeddable":true,"href":"https:\/\/www.rinceoiri.cz\/en\/wp-json\/wp\/v2\/categories?post=427"},{"taxonomy":"post_tag","embeddable":true,"href":"https:\/\/www.rinceoiri.cz\/en\/wp-json\/wp\/v2\/tags?post=427"}],"curies":[{"name":"wp","href":"https:\/\/api.w.org\/{rel}","templated":true}]}}