{"id":434,"date":"2014-11-17T08:18:43","date_gmt":"2014-11-17T07:18:43","guid":{"rendered":"http:\/\/www.rinceoiri.cz\/rida\/?p=214"},"modified":"2020-05-30T17:07:54","modified_gmt":"2020-05-30T17:07:54","slug":"zveme-vas-na-chistmas-class-feis-rida","status":"publish","type":"post","link":"https:\/\/www.rinceoiri.cz\/en\/aktuality\/zveme-vas-na-chistmas-class-feis-rida\/","title":{"rendered":"Zveme V\u00e1s na Christmas Class Feis RIDA!!!"},"content":{"rendered":"<p>Mil\u00ed tane\u010dn\u00edci a rodi\u010de,<\/p>\n<p>r\u00e1di bychom V\u00e1s pozvali na v\u00e1no\u010dn\u00ed Class Feis na\u0161\u00ed \u0161koly Rinceoir\u00ed Irish Dance Academy,\u00a0 kter\u00fd se bude konat v\u00a0divadeln\u00edm s\u00e1le v posledn\u00edm pat\u0159e z\u00e1kladn\u00ed \u0161koly T\u00e1borsk\u00e9 ve st\u0159edu 26. 11. 2014.<\/p>\n<p>Bude to historicky prvn\u00ed Class Feis RIDA a to si nem\u016f\u017eete nechat uj\u00edt. Class Feis je sout\u011b\u017e v irsk\u00fdch tanc\u00edch podobn\u011b jako nap\u0159\u00edklad mezin\u00e1rodn\u00ed Prague Feis, kter\u00fd pravideln\u011b organizujeme v kv\u011btnu, ale je otev\u0159en\u00e1 pouze pro tane\u010dn\u00edky na\u0161\u00ed \u0161koly. Je to v\u0161ak hlavn\u011b p\u0159\u00edle\u017eitost u\u017e\u00edt si trochu legrace v p\u0159edv\u00e1no\u010dn\u00edm obdob\u00ed pln\u00e9m stresu, vyzkou\u0161et si nane\u010disto, jak zvl\u00e1d\u00e1te jednotliv\u00e9 sout\u011b\u017en\u00ed tance, a v neposledn\u00ed \u0159ad\u011b p\u0159edv\u00e9st sv\u00e9 um\u011bn\u00ed kamar\u00e1d\u016fm, rodi\u010d\u016fm a prarodi\u010d\u016fm, kter\u00e9 m\u016f\u017eete na n\u00e1\u0161 Christmas Class Feis tak\u00e9 pozvat. Uvid\u00edte tane\u010dn\u00edky jin\u00fdch kategori\u00ed, v\u010detn\u011b tane\u010dn\u00edk\u016f \u00farovn\u011b open, kte\u0159\u00ed budou na\u0161i \u0161kolu v\u00edkend p\u0159edt\u00edm reprezentovat v\u00a0Holandsku na kvalifikaci na sv\u011btov\u00fd \u0161ampion\u00e1t. Pro tane\u010dn\u00edky RIDA, kte\u0159\u00ed se z\u00fa\u010dastn\u00ed, p\u0159ipravujeme tak\u00e9 mal\u00e9 v\u00e1no\u010dn\u00ed p\u0159ekvapen\u00ed.<\/p>\n<p>Jako porotkyni p\u0159iv\u00edt\u00e1me Terezu Bachovou TCRG, na\u0161i kamar\u00e1dku, extane\u010dnici Rinceoir\u00ed a lektorku LUAS Dancing School. Na feisi bude tane\u010dn\u00edky doprov\u00e1zet svou hudbou Kristi\u00e1n Fi\u0161l, prvn\u00ed \u010desk\u00fd hudebn\u00edk, kter\u00e9ho jste m\u011bli mo\u017enost vid\u011bt ji\u017e na Prague Feis a jin\u00fdch feisanna v okoln\u00edch st\u00e1tech.<\/p>\n<p>Syllabus si m\u016f\u017eete st\u00e1hnout zde: \u00a0<a href=\"http:\/\/www.rinceoiri.cz\/rida\/wp-content\/uploads\/2014\/11\/syllabus_class_feis_rida_2014-1.doc\">Syllabus_class_feis_RIDA_2014<\/a><\/p>\n<p>Te\u0161\u00edme se na V\u00e1s!<\/p>","protected":false},"excerpt":{"rendered":"<p>Mil\u00ed tane\u010dn\u00edci a rodi\u010de, r\u00e1di bychom V\u00e1s pozvali na v\u00e1no\u010dn\u00ed Class Feis na\u0161\u00ed \u0161koly Rinceoir\u00ed Irish Dance Academy,\u00a0 kter\u00fd se bude konat v\u00a0divadeln\u00edm s\u00e1le v posledn\u00edm pat\u0159e z\u00e1kladn\u00ed \u0161koly T\u00e1borsk\u00e9 ve st\u0159edu 26. 11. 2014. Bude to historicky prvn\u00ed Class Feis RIDA a to si nem\u016f\u017eete nechat uj\u00edt. Class Feis je sout\u011b\u017e v irsk\u00fdch tanc\u00edch [&hellip;]<\/p>","protected":false},"author":1,"featured_media":0,"comment_status":"open","ping_status":"open","sticky":false,"template":"","format":"standard","meta":[],"categories":[9,10],"tags":[],"yoast_head":"<!-- This site is optimized with the Yoast SEO plugin v19.6 - https:\/\/yoast.com\/wordpress\/plugins\/seo\/ -->\n<title>Zveme V\u00e1s na Christmas Class Feis RIDA!!! - Rinceoir\u00ed - klub irsk\u00fdch tanc\u016f<\/title>\n<meta name=\"robots\" content=\"index, follow, max-snippet:-1, max-image-preview:large, max-video-preview:-1\" \/>\n<link rel=\"canonical\" href=\"https:\/\/www.rinceoiri.cz\/en\/aktuality\/zveme-vas-na-chistmas-class-feis-rida\/\" \/>\n<meta property=\"og:locale\" content=\"en_GB\" \/>\n<meta property=\"og:type\" content=\"article\" \/>\n<meta property=\"og:title\" content=\"Zveme V\u00e1s na Christmas Class Feis RIDA!!! - Rinceoir\u00ed - klub irsk\u00fdch tanc\u016f\" \/>\n<meta property=\"og:description\" content=\"Mil\u00ed tane\u010dn\u00edci a rodi\u010de, r\u00e1di bychom V\u00e1s pozvali na v\u00e1no\u010dn\u00ed Class Feis na\u0161\u00ed \u0161koly Rinceoir\u00ed Irish Dance Academy,\u00a0 kter\u00fd se bude konat v\u00a0divadeln\u00edm s\u00e1le v posledn\u00edm pat\u0159e z\u00e1kladn\u00ed \u0161koly T\u00e1borsk\u00e9 ve st\u0159edu 26. 11. 2014. Bude to historicky prvn\u00ed Class Feis RIDA a to si nem\u016f\u017eete nechat uj\u00edt. Class Feis je sout\u011b\u017e v irsk\u00fdch tanc\u00edch [&hellip;]\" \/>\n<meta property=\"og:url\" content=\"https:\/\/www.rinceoiri.cz\/en\/aktuality\/zveme-vas-na-chistmas-class-feis-rida\/\" \/>\n<meta property=\"og:site_name\" content=\"Rinceoir\u00ed - klub irsk\u00fdch tanc\u016f\" \/>\n<meta property=\"article:publisher\" content=\"https:\/\/www.facebook.com\/rinceoiri\/\" \/>\n<meta property=\"article:published_time\" content=\"2014-11-17T07:18:43+00:00\" \/>\n<meta property=\"article:modified_time\" content=\"2020-05-30T17:07:54+00:00\" \/>\n<meta name=\"author\" content=\"admin\" \/>\n<meta name=\"twitter:card\" content=\"summary_large_image\" \/>\n<meta name=\"twitter:label1\" content=\"Written by\" \/>\n\t<meta name=\"twitter:data1\" content=\"admin\" \/>\n\t<meta name=\"twitter:label2\" content=\"Estimated reading time\" \/>\n\t<meta name=\"twitter:data2\" content=\"1 minute\" \/>\n<script type=\"application\/ld+json\" class=\"yoast-schema-graph\">{\"@context\":\"https:\/\/schema.org\",\"@graph\":[{\"@type\":\"Article\",\"@id\":\"https:\/\/www.rinceoiri.cz\/aktuality\/zveme-vas-na-chistmas-class-feis-rida\/#article\",\"isPartOf\":{\"@id\":\"https:\/\/www.rinceoiri.cz\/aktuality\/zveme-vas-na-chistmas-class-feis-rida\/\"},\"author\":{\"name\":\"admin\",\"@id\":\"https:\/\/www.rinceoiri.cz\/#\/schema\/person\/0bc32ce63766655bbfc923f9e237dde4\"},\"headline\":\"Zveme V\u00e1s na Christmas Class Feis RIDA!!!\",\"datePublished\":\"2014-11-17T07:18:43+00:00\",\"dateModified\":\"2020-05-30T17:07:54+00:00\",\"mainEntityOfPage\":{\"@id\":\"https:\/\/www.rinceoiri.cz\/aktuality\/zveme-vas-na-chistmas-class-feis-rida\/\"},\"wordCount\":299,\"commentCount\":0,\"publisher\":{\"@id\":\"https:\/\/www.rinceoiri.cz\/#organization\"},\"articleSection\":[\"Aktuality\",\"Neza\u0159azen\u00e9\"],\"inLanguage\":\"en-GB\",\"potentialAction\":[{\"@type\":\"CommentAction\",\"name\":\"Comment\",\"target\":[\"https:\/\/www.rinceoiri.cz\/aktuality\/zveme-vas-na-chistmas-class-feis-rida\/#respond\"]}]},{\"@type\":\"WebPage\",\"@id\":\"https:\/\/www.rinceoiri.cz\/aktuality\/zveme-vas-na-chistmas-class-feis-rida\/\",\"url\":\"https:\/\/www.rinceoiri.cz\/aktuality\/zveme-vas-na-chistmas-class-feis-rida\/\",\"name\":\"Zveme V\u00e1s na Christmas Class Feis RIDA!!! - Rinceoir\u00ed - klub irsk\u00fdch tanc\u016f\",\"isPartOf\":{\"@id\":\"https:\/\/www.rinceoiri.cz\/#website\"},\"datePublished\":\"2014-11-17T07:18:43+00:00\",\"dateModified\":\"2020-05-30T17:07:54+00:00\",\"breadcrumb\":{\"@id\":\"https:\/\/www.rinceoiri.cz\/aktuality\/zveme-vas-na-chistmas-class-feis-rida\/#breadcrumb\"},\"inLanguage\":\"en-GB\",\"potentialAction\":[{\"@type\":\"ReadAction\",\"target\":[\"https:\/\/www.rinceoiri.cz\/aktuality\/zveme-vas-na-chistmas-class-feis-rida\/\"]}]},{\"@type\":\"BreadcrumbList\",\"@id\":\"https:\/\/www.rinceoiri.cz\/aktuality\/zveme-vas-na-chistmas-class-feis-rida\/#breadcrumb\",\"itemListElement\":[{\"@type\":\"ListItem\",\"position\":1,\"name\":\"Dom\u016f\",\"item\":\"https:\/\/www.rinceoiri.cz\/\"},{\"@type\":\"ListItem\",\"position\":2,\"name\":\"Zveme V\u00e1s na Christmas Class Feis RIDA!!!\"}]},{\"@type\":\"WebSite\",\"@id\":\"https:\/\/www.rinceoiri.cz\/#website\",\"url\":\"https:\/\/www.rinceoiri.cz\/\",\"name\":\"Rinceoir\u00ed - klub irsk\u00fdch tanc\u016f\",\"description\":\"V\u00fduka irsk\u00fdch tanc\u016f, irsk\u00e9 tance - nab\u00eddka vystoupen\u00ed\",\"publisher\":{\"@id\":\"https:\/\/www.rinceoiri.cz\/#organization\"},\"potentialAction\":[{\"@type\":\"SearchAction\",\"target\":{\"@type\":\"EntryPoint\",\"urlTemplate\":\"https:\/\/www.rinceoiri.cz\/?s={search_term_string}\"},\"query-input\":\"required name=search_term_string\"}],\"inLanguage\":\"en-GB\"},{\"@type\":\"Organization\",\"@id\":\"https:\/\/www.rinceoiri.cz\/#organization\",\"name\":\"Rinceoir\u00ed\",\"url\":\"https:\/\/www.rinceoiri.cz\/\",\"sameAs\":[\"https:\/\/www.instagram.com\/rinceoiri\/\",\"https:\/\/www.youtube.com\/channel\/UCtSffFpv2_EKMMuwlOJynnA\",\"https:\/\/www.facebook.com\/rinceoiri\/\"],\"logo\":{\"@type\":\"ImageObject\",\"inLanguage\":\"en-GB\",\"@id\":\"https:\/\/www.rinceoiri.cz\/#\/schema\/logo\/image\/\",\"url\":\"https:\/\/www.rinceoiri.cz\/wp-content\/uploads\/2020\/06\/Logo-Rince-bez-pozadi_cerne-e1591875742917.png\",\"contentUrl\":\"https:\/\/www.rinceoiri.cz\/wp-content\/uploads\/2020\/06\/Logo-Rince-bez-pozadi_cerne-e1591875742917.png\",\"width\":400,\"height\":87,\"caption\":\"Rinceoir\u00ed\"},\"image\":{\"@id\":\"https:\/\/www.rinceoiri.cz\/#\/schema\/logo\/image\/\"}},{\"@type\":\"Person\",\"@id\":\"https:\/\/www.rinceoiri.cz\/#\/schema\/person\/0bc32ce63766655bbfc923f9e237dde4\",\"name\":\"admin\",\"image\":{\"@type\":\"ImageObject\",\"inLanguage\":\"en-GB\",\"@id\":\"https:\/\/www.rinceoiri.cz\/#\/schema\/person\/image\/\",\"url\":\"https:\/\/secure.gravatar.com\/avatar\/0d0f6a8b78a849f1d5e9a3d4e07f0478?s=96&d=mm&r=g\",\"contentUrl\":\"https:\/\/secure.gravatar.com\/avatar\/0d0f6a8b78a849f1d5e9a3d4e07f0478?s=96&d=mm&r=g\",\"caption\":\"admin\"}}]}<\/script>\n<!-- \/ Yoast SEO plugin. -->","yoast_head_json":{"title":"Zveme V\u00e1s na Christmas Class Feis RIDA!!! - Rinceoir\u00ed - klub irsk\u00fdch tanc\u016f","robots":{"index":"index","follow":"follow","max-snippet":"max-snippet:-1","max-image-preview":"max-image-preview:large","max-video-preview":"max-video-preview:-1"},"canonical":"https:\/\/www.rinceoiri.cz\/en\/aktuality\/zveme-vas-na-chistmas-class-feis-rida\/","og_locale":"en_GB","og_type":"article","og_title":"Zveme V\u00e1s na Christmas Class Feis RIDA!!! - Rinceoir\u00ed - klub irsk\u00fdch tanc\u016f","og_description":"Mil\u00ed tane\u010dn\u00edci a rodi\u010de, r\u00e1di bychom V\u00e1s pozvali na v\u00e1no\u010dn\u00ed Class Feis na\u0161\u00ed \u0161koly Rinceoir\u00ed Irish Dance Academy,\u00a0 kter\u00fd se bude konat v\u00a0divadeln\u00edm s\u00e1le v posledn\u00edm pat\u0159e z\u00e1kladn\u00ed \u0161koly T\u00e1borsk\u00e9 ve st\u0159edu 26. 11. 2014. Bude to historicky prvn\u00ed Class Feis RIDA a to si nem\u016f\u017eete nechat uj\u00edt. Class Feis je sout\u011b\u017e v irsk\u00fdch tanc\u00edch [&hellip;]","og_url":"https:\/\/www.rinceoiri.cz\/en\/aktuality\/zveme-vas-na-chistmas-class-feis-rida\/","og_site_name":"Rinceoir\u00ed - klub irsk\u00fdch tanc\u016f","article_publisher":"https:\/\/www.facebook.com\/rinceoiri\/","article_published_time":"2014-11-17T07:18:43+00:00","article_modified_time":"2020-05-30T17:07:54+00:00","author":"admin","twitter_card":"summary_large_image","twitter_misc":{"Written by":"admin","Estimated reading time":"1 minute"},"schema":{"@context":"https:\/\/schema.org","@graph":[{"@type":"Article","@id":"https:\/\/www.rinceoiri.cz\/aktuality\/zveme-vas-na-chistmas-class-feis-rida\/#article","isPartOf":{"@id":"https:\/\/www.rinceoiri.cz\/aktuality\/zveme-vas-na-chistmas-class-feis-rida\/"},"author":{"name":"admin","@id":"https:\/\/www.rinceoiri.cz\/#\/schema\/person\/0bc32ce63766655bbfc923f9e237dde4"},"headline":"Zveme V\u00e1s na Christmas Class Feis RIDA!!!","datePublished":"2014-11-17T07:18:43+00:00","dateModified":"2020-05-30T17:07:54+00:00","mainEntityOfPage":{"@id":"https:\/\/www.rinceoiri.cz\/aktuality\/zveme-vas-na-chistmas-class-feis-rida\/"},"wordCount":299,"commentCount":0,"publisher":{"@id":"https:\/\/www.rinceoiri.cz\/#organization"},"articleSection":["Aktuality","Neza\u0159azen\u00e9"],"inLanguage":"en-GB","potentialAction":[{"@type":"CommentAction","name":"Comment","target":["https:\/\/www.rinceoiri.cz\/aktuality\/zveme-vas-na-chistmas-class-feis-rida\/#respond"]}]},{"@type":"WebPage","@id":"https:\/\/www.rinceoiri.cz\/aktuality\/zveme-vas-na-chistmas-class-feis-rida\/","url":"https:\/\/www.rinceoiri.cz\/aktuality\/zveme-vas-na-chistmas-class-feis-rida\/","name":"Zveme V\u00e1s na Christmas Class Feis RIDA!!! - Rinceoir\u00ed - klub irsk\u00fdch tanc\u016f","isPartOf":{"@id":"https:\/\/www.rinceoiri.cz\/#website"},"datePublished":"2014-11-17T07:18:43+00:00","dateModified":"2020-05-30T17:07:54+00:00","breadcrumb":{"@id":"https:\/\/www.rinceoiri.cz\/aktuality\/zveme-vas-na-chistmas-class-feis-rida\/#breadcrumb"},"inLanguage":"en-GB","potentialAction":[{"@type":"ReadAction","target":["https:\/\/www.rinceoiri.cz\/aktuality\/zveme-vas-na-chistmas-class-feis-rida\/"]}]},{"@type":"BreadcrumbList","@id":"https:\/\/www.rinceoiri.cz\/aktuality\/zveme-vas-na-chistmas-class-feis-rida\/#breadcrumb","itemListElement":[{"@type":"ListItem","position":1,"name":"Dom\u016f","item":"https:\/\/www.rinceoiri.cz\/"},{"@type":"ListItem","position":2,"name":"Zveme V\u00e1s na Christmas Class Feis RIDA!!!"}]},{"@type":"WebSite","@id":"https:\/\/www.rinceoiri.cz\/#website","url":"https:\/\/www.rinceoiri.cz\/","name":"Rinceoir\u00ed - klub irsk\u00fdch tanc\u016f","description":"V\u00fduka irsk\u00fdch tanc\u016f, irsk\u00e9 tance - nab\u00eddka vystoupen\u00ed","publisher":{"@id":"https:\/\/www.rinceoiri.cz\/#organization"},"potentialAction":[{"@type":"SearchAction","target":{"@type":"EntryPoint","urlTemplate":"https:\/\/www.rinceoiri.cz\/?s={search_term_string}"},"query-input":"required name=search_term_string"}],"inLanguage":"en-GB"},{"@type":"Organization","@id":"https:\/\/www.rinceoiri.cz\/#organization","name":"Rinceoir\u00ed","url":"https:\/\/www.rinceoiri.cz\/","sameAs":["https:\/\/www.instagram.com\/rinceoiri\/","https:\/\/www.youtube.com\/channel\/UCtSffFpv2_EKMMuwlOJynnA","https:\/\/www.facebook.com\/rinceoiri\/"],"logo":{"@type":"ImageObject","inLanguage":"en-GB","@id":"https:\/\/www.rinceoiri.cz\/#\/schema\/logo\/image\/","url":"https:\/\/www.rinceoiri.cz\/wp-content\/uploads\/2020\/06\/Logo-Rince-bez-pozadi_cerne-e1591875742917.png","contentUrl":"https:\/\/www.rinceoiri.cz\/wp-content\/uploads\/2020\/06\/Logo-Rince-bez-pozadi_cerne-e1591875742917.png","width":400,"height":87,"caption":"Rinceoir\u00ed"},"image":{"@id":"https:\/\/www.rinceoiri.cz\/#\/schema\/logo\/image\/"}},{"@type":"Person","@id":"https:\/\/www.rinceoiri.cz\/#\/schema\/person\/0bc32ce63766655bbfc923f9e237dde4","name":"admin","image":{"@type":"ImageObject","inLanguage":"en-GB","@id":"https:\/\/www.rinceoiri.cz\/#\/schema\/person\/image\/","url":"https:\/\/secure.gravatar.com\/avatar\/0d0f6a8b78a849f1d5e9a3d4e07f0478?s=96&d=mm&r=g","contentUrl":"https:\/\/secure.gravatar.com\/avatar\/0d0f6a8b78a849f1d5e9a3d4e07f0478?s=96&d=mm&r=g","caption":"admin"}}]}},"_links":{"self":[{"href":"https:\/\/www.rinceoiri.cz\/en\/wp-json\/wp\/v2\/posts\/434"}],"collection":[{"href":"https:\/\/www.rinceoiri.cz\/en\/wp-json\/wp\/v2\/posts"}],"about":[{"href":"https:\/\/www.rinceoiri.cz\/en\/wp-json\/wp\/v2\/types\/post"}],"author":[{"embeddable":true,"href":"https:\/\/www.rinceoiri.cz\/en\/wp-json\/wp\/v2\/users\/1"}],"replies":[{"embeddable":true,"href":"https:\/\/www.rinceoiri.cz\/en\/wp-json\/wp\/v2\/comments?post=434"}],"version-history":[{"count":1,"href":"https:\/\/www.rinceoiri.cz\/en\/wp-json\/wp\/v2\/posts\/434\/revisions"}],"predecessor-version":[{"id":1085,"href":"https:\/\/www.rinceoiri.cz\/en\/wp-json\/wp\/v2\/posts\/434\/revisions\/1085"}],"wp:attachment":[{"href":"https:\/\/www.rinceoiri.cz\/en\/wp-json\/wp\/v2\/media?parent=434"}],"wp:term":[{"taxonomy":"category","embeddable":true,"href":"https:\/\/www.rinceoiri.cz\/en\/wp-json\/wp\/v2\/categories?post=434"},{"taxonomy":"post_tag","embeddable":true,"href":"https:\/\/www.rinceoiri.cz\/en\/wp-json\/wp\/v2\/tags?post=434"}],"curies":[{"name":"wp","href":"https:\/\/api.w.org\/{rel}","templated":true}]}}