{"id":437,"date":"2015-01-07T11:37:38","date_gmt":"2015-01-07T10:37:38","guid":{"rendered":"http:\/\/www.rinceoiri.cz\/rida\/?p=242"},"modified":"2020-05-30T17:07:54","modified_gmt":"2020-05-30T17:07:54","slug":"pozor-zmena-mista-a-casu-konani-detskeho-kurzu-v-dejvicich-pbs","status":"publish","type":"post","link":"https:\/\/www.rinceoiri.cz\/en\/aktuality\/pozor-zmena-mista-a-casu-konani-detskeho-kurzu-v-dejvicich-pbs\/","title":{"rendered":"POZOR: Zm\u011bna m\u00edsta a \u010dasu kon\u00e1n\u00ed d\u011btsk\u00e9ho kurzu v Dejvic\u00edch (PBS)"},"content":{"rendered":"<p>Od p\u0159\u00ed\u0161t\u00edho t\u00fddne ( 12.1.2015) se kurzy z PBS v Dejvic\u00edch (od 15:00 s Ane\u017ekou Kudrnovou a Veronikou Ben\u00e1\u010dkovou) p\u0159esouvaj\u00ed na <strong>Z\u0160 Na Dlouh\u00e9m L\u00e1nu<\/strong> v Dejvic\u00edch. \u010cas kon\u00e1n\u00ed\u00a0se posouv\u00e1 na\u00a0<strong>15:30 a\u017e 16:30!<\/strong><\/p>\n<p>Omlouv\u00e1me se za komplikace a d\u011bkujeme za pochopen\u00ed!<\/p>","protected":false},"excerpt":{"rendered":"<p>Od p\u0159\u00ed\u0161t\u00edho t\u00fddne ( 12.1.2015) se kurzy z PBS v Dejvic\u00edch (od 15:00 s Ane\u017ekou Kudrnovou a Veronikou Ben\u00e1\u010dkovou) p\u0159esouvaj\u00ed na Z\u0160 Na Dlouh\u00e9m L\u00e1nu v Dejvic\u00edch. \u010cas kon\u00e1n\u00ed\u00a0se posouv\u00e1 na\u00a015:30 a\u017e 16:30! Omlouv\u00e1me se za komplikace a d\u011bkujeme za pochopen\u00ed!<\/p>","protected":false},"author":1,"featured_media":0,"comment_status":"open","ping_status":"open","sticky":false,"template":"","format":"standard","meta":[],"categories":[9,10],"tags":[],"yoast_head":"<!-- This site is optimized with the Yoast SEO plugin v19.6 - https:\/\/yoast.com\/wordpress\/plugins\/seo\/ -->\n<title>POZOR: Zm\u011bna m\u00edsta a \u010dasu kon\u00e1n\u00ed d\u011btsk\u00e9ho kurzu v Dejvic\u00edch (PBS) - Rinceoir\u00ed - klub irsk\u00fdch tanc\u016f<\/title>\n<meta name=\"robots\" content=\"index, follow, max-snippet:-1, max-image-preview:large, max-video-preview:-1\" \/>\n<link rel=\"canonical\" href=\"https:\/\/www.rinceoiri.cz\/en\/aktuality\/pozor-zmena-mista-a-casu-konani-detskeho-kurzu-v-dejvicich-pbs\/\" \/>\n<meta property=\"og:locale\" content=\"en_GB\" \/>\n<meta property=\"og:type\" content=\"article\" \/>\n<meta property=\"og:title\" content=\"POZOR: Zm\u011bna m\u00edsta a \u010dasu kon\u00e1n\u00ed d\u011btsk\u00e9ho kurzu v Dejvic\u00edch (PBS) - Rinceoir\u00ed - klub irsk\u00fdch tanc\u016f\" \/>\n<meta property=\"og:description\" content=\"Od p\u0159\u00ed\u0161t\u00edho t\u00fddne ( 12.1.2015) se kurzy z PBS v Dejvic\u00edch (od 15:00 s Ane\u017ekou Kudrnovou a Veronikou Ben\u00e1\u010dkovou) p\u0159esouvaj\u00ed na Z\u0160 Na Dlouh\u00e9m L\u00e1nu v Dejvic\u00edch. \u010cas kon\u00e1n\u00ed\u00a0se posouv\u00e1 na\u00a015:30 a\u017e 16:30! Omlouv\u00e1me se za komplikace a d\u011bkujeme za pochopen\u00ed!\" \/>\n<meta property=\"og:url\" content=\"https:\/\/www.rinceoiri.cz\/en\/aktuality\/pozor-zmena-mista-a-casu-konani-detskeho-kurzu-v-dejvicich-pbs\/\" \/>\n<meta property=\"og:site_name\" content=\"Rinceoir\u00ed - klub irsk\u00fdch tanc\u016f\" \/>\n<meta property=\"article:publisher\" content=\"https:\/\/www.facebook.com\/rinceoiri\/\" \/>\n<meta property=\"article:published_time\" content=\"2015-01-07T10:37:38+00:00\" \/>\n<meta property=\"article:modified_time\" content=\"2020-05-30T17:07:54+00:00\" \/>\n<meta name=\"author\" content=\"admin\" \/>\n<meta name=\"twitter:card\" content=\"summary_large_image\" \/>\n<meta name=\"twitter:label1\" content=\"Written by\" \/>\n\t<meta name=\"twitter:data1\" content=\"admin\" \/>\n<script type=\"application\/ld+json\" class=\"yoast-schema-graph\">{\"@context\":\"https:\/\/schema.org\",\"@graph\":[{\"@type\":\"Article\",\"@id\":\"https:\/\/www.rinceoiri.cz\/aktuality\/pozor-zmena-mista-a-casu-konani-detskeho-kurzu-v-dejvicich-pbs\/#article\",\"isPartOf\":{\"@id\":\"https:\/\/www.rinceoiri.cz\/aktuality\/pozor-zmena-mista-a-casu-konani-detskeho-kurzu-v-dejvicich-pbs\/\"},\"author\":{\"name\":\"admin\",\"@id\":\"https:\/\/www.rinceoiri.cz\/#\/schema\/person\/0bc32ce63766655bbfc923f9e237dde4\"},\"headline\":\"POZOR: Zm\u011bna m\u00edsta a \u010dasu kon\u00e1n\u00ed d\u011btsk\u00e9ho kurzu v Dejvic\u00edch (PBS)\",\"datePublished\":\"2015-01-07T10:37:38+00:00\",\"dateModified\":\"2020-05-30T17:07:54+00:00\",\"mainEntityOfPage\":{\"@id\":\"https:\/\/www.rinceoiri.cz\/aktuality\/pozor-zmena-mista-a-casu-konani-detskeho-kurzu-v-dejvicich-pbs\/\"},\"wordCount\":68,\"commentCount\":0,\"publisher\":{\"@id\":\"https:\/\/www.rinceoiri.cz\/#organization\"},\"articleSection\":[\"Aktuality\",\"Neza\u0159azen\u00e9\"],\"inLanguage\":\"en-GB\",\"potentialAction\":[{\"@type\":\"CommentAction\",\"name\":\"Comment\",\"target\":[\"https:\/\/www.rinceoiri.cz\/aktuality\/pozor-zmena-mista-a-casu-konani-detskeho-kurzu-v-dejvicich-pbs\/#respond\"]}]},{\"@type\":\"WebPage\",\"@id\":\"https:\/\/www.rinceoiri.cz\/aktuality\/pozor-zmena-mista-a-casu-konani-detskeho-kurzu-v-dejvicich-pbs\/\",\"url\":\"https:\/\/www.rinceoiri.cz\/aktuality\/pozor-zmena-mista-a-casu-konani-detskeho-kurzu-v-dejvicich-pbs\/\",\"name\":\"POZOR: Zm\u011bna m\u00edsta a \u010dasu kon\u00e1n\u00ed d\u011btsk\u00e9ho kurzu v Dejvic\u00edch (PBS) - Rinceoir\u00ed - klub irsk\u00fdch tanc\u016f\",\"isPartOf\":{\"@id\":\"https:\/\/www.rinceoiri.cz\/#website\"},\"datePublished\":\"2015-01-07T10:37:38+00:00\",\"dateModified\":\"2020-05-30T17:07:54+00:00\",\"breadcrumb\":{\"@id\":\"https:\/\/www.rinceoiri.cz\/aktuality\/pozor-zmena-mista-a-casu-konani-detskeho-kurzu-v-dejvicich-pbs\/#breadcrumb\"},\"inLanguage\":\"en-GB\",\"potentialAction\":[{\"@type\":\"ReadAction\",\"target\":[\"https:\/\/www.rinceoiri.cz\/aktuality\/pozor-zmena-mista-a-casu-konani-detskeho-kurzu-v-dejvicich-pbs\/\"]}]},{\"@type\":\"BreadcrumbList\",\"@id\":\"https:\/\/www.rinceoiri.cz\/aktuality\/pozor-zmena-mista-a-casu-konani-detskeho-kurzu-v-dejvicich-pbs\/#breadcrumb\",\"itemListElement\":[{\"@type\":\"ListItem\",\"position\":1,\"name\":\"Dom\u016f\",\"item\":\"https:\/\/www.rinceoiri.cz\/\"},{\"@type\":\"ListItem\",\"position\":2,\"name\":\"POZOR: Zm\u011bna m\u00edsta a \u010dasu kon\u00e1n\u00ed d\u011btsk\u00e9ho kurzu v Dejvic\u00edch (PBS)\"}]},{\"@type\":\"WebSite\",\"@id\":\"https:\/\/www.rinceoiri.cz\/#website\",\"url\":\"https:\/\/www.rinceoiri.cz\/\",\"name\":\"Rinceoir\u00ed - klub irsk\u00fdch tanc\u016f\",\"description\":\"V\u00fduka irsk\u00fdch tanc\u016f, irsk\u00e9 tance - nab\u00eddka vystoupen\u00ed\",\"publisher\":{\"@id\":\"https:\/\/www.rinceoiri.cz\/#organization\"},\"potentialAction\":[{\"@type\":\"SearchAction\",\"target\":{\"@type\":\"EntryPoint\",\"urlTemplate\":\"https:\/\/www.rinceoiri.cz\/?s={search_term_string}\"},\"query-input\":\"required name=search_term_string\"}],\"inLanguage\":\"en-GB\"},{\"@type\":\"Organization\",\"@id\":\"https:\/\/www.rinceoiri.cz\/#organization\",\"name\":\"Rinceoir\u00ed\",\"url\":\"https:\/\/www.rinceoiri.cz\/\",\"sameAs\":[\"https:\/\/www.instagram.com\/rinceoiri\/\",\"https:\/\/www.youtube.com\/channel\/UCtSffFpv2_EKMMuwlOJynnA\",\"https:\/\/www.facebook.com\/rinceoiri\/\"],\"logo\":{\"@type\":\"ImageObject\",\"inLanguage\":\"en-GB\",\"@id\":\"https:\/\/www.rinceoiri.cz\/#\/schema\/logo\/image\/\",\"url\":\"https:\/\/www.rinceoiri.cz\/wp-content\/uploads\/2020\/06\/Logo-Rince-bez-pozadi_cerne-e1591875742917.png\",\"contentUrl\":\"https:\/\/www.rinceoiri.cz\/wp-content\/uploads\/2020\/06\/Logo-Rince-bez-pozadi_cerne-e1591875742917.png\",\"width\":400,\"height\":87,\"caption\":\"Rinceoir\u00ed\"},\"image\":{\"@id\":\"https:\/\/www.rinceoiri.cz\/#\/schema\/logo\/image\/\"}},{\"@type\":\"Person\",\"@id\":\"https:\/\/www.rinceoiri.cz\/#\/schema\/person\/0bc32ce63766655bbfc923f9e237dde4\",\"name\":\"admin\",\"image\":{\"@type\":\"ImageObject\",\"inLanguage\":\"en-GB\",\"@id\":\"https:\/\/www.rinceoiri.cz\/#\/schema\/person\/image\/\",\"url\":\"https:\/\/secure.gravatar.com\/avatar\/0d0f6a8b78a849f1d5e9a3d4e07f0478?s=96&d=mm&r=g\",\"contentUrl\":\"https:\/\/secure.gravatar.com\/avatar\/0d0f6a8b78a849f1d5e9a3d4e07f0478?s=96&d=mm&r=g\",\"caption\":\"admin\"}}]}<\/script>\n<!-- \/ Yoast SEO plugin. -->","yoast_head_json":{"title":"POZOR: Zm\u011bna m\u00edsta a \u010dasu kon\u00e1n\u00ed d\u011btsk\u00e9ho kurzu v Dejvic\u00edch (PBS) - Rinceoir\u00ed - klub irsk\u00fdch tanc\u016f","robots":{"index":"index","follow":"follow","max-snippet":"max-snippet:-1","max-image-preview":"max-image-preview:large","max-video-preview":"max-video-preview:-1"},"canonical":"https:\/\/www.rinceoiri.cz\/en\/aktuality\/pozor-zmena-mista-a-casu-konani-detskeho-kurzu-v-dejvicich-pbs\/","og_locale":"en_GB","og_type":"article","og_title":"POZOR: Zm\u011bna m\u00edsta a \u010dasu kon\u00e1n\u00ed d\u011btsk\u00e9ho kurzu v Dejvic\u00edch (PBS) - Rinceoir\u00ed - klub irsk\u00fdch tanc\u016f","og_description":"Od p\u0159\u00ed\u0161t\u00edho t\u00fddne ( 12.1.2015) se kurzy z PBS v Dejvic\u00edch (od 15:00 s Ane\u017ekou Kudrnovou a Veronikou Ben\u00e1\u010dkovou) p\u0159esouvaj\u00ed na Z\u0160 Na Dlouh\u00e9m L\u00e1nu v Dejvic\u00edch. \u010cas kon\u00e1n\u00ed\u00a0se posouv\u00e1 na\u00a015:30 a\u017e 16:30! Omlouv\u00e1me se za komplikace a d\u011bkujeme za pochopen\u00ed!","og_url":"https:\/\/www.rinceoiri.cz\/en\/aktuality\/pozor-zmena-mista-a-casu-konani-detskeho-kurzu-v-dejvicich-pbs\/","og_site_name":"Rinceoir\u00ed - klub irsk\u00fdch tanc\u016f","article_publisher":"https:\/\/www.facebook.com\/rinceoiri\/","article_published_time":"2015-01-07T10:37:38+00:00","article_modified_time":"2020-05-30T17:07:54+00:00","author":"admin","twitter_card":"summary_large_image","twitter_misc":{"Written by":"admin"},"schema":{"@context":"https:\/\/schema.org","@graph":[{"@type":"Article","@id":"https:\/\/www.rinceoiri.cz\/aktuality\/pozor-zmena-mista-a-casu-konani-detskeho-kurzu-v-dejvicich-pbs\/#article","isPartOf":{"@id":"https:\/\/www.rinceoiri.cz\/aktuality\/pozor-zmena-mista-a-casu-konani-detskeho-kurzu-v-dejvicich-pbs\/"},"author":{"name":"admin","@id":"https:\/\/www.rinceoiri.cz\/#\/schema\/person\/0bc32ce63766655bbfc923f9e237dde4"},"headline":"POZOR: Zm\u011bna m\u00edsta a \u010dasu kon\u00e1n\u00ed d\u011btsk\u00e9ho kurzu v Dejvic\u00edch (PBS)","datePublished":"2015-01-07T10:37:38+00:00","dateModified":"2020-05-30T17:07:54+00:00","mainEntityOfPage":{"@id":"https:\/\/www.rinceoiri.cz\/aktuality\/pozor-zmena-mista-a-casu-konani-detskeho-kurzu-v-dejvicich-pbs\/"},"wordCount":68,"commentCount":0,"publisher":{"@id":"https:\/\/www.rinceoiri.cz\/#organization"},"articleSection":["Aktuality","Neza\u0159azen\u00e9"],"inLanguage":"en-GB","potentialAction":[{"@type":"CommentAction","name":"Comment","target":["https:\/\/www.rinceoiri.cz\/aktuality\/pozor-zmena-mista-a-casu-konani-detskeho-kurzu-v-dejvicich-pbs\/#respond"]}]},{"@type":"WebPage","@id":"https:\/\/www.rinceoiri.cz\/aktuality\/pozor-zmena-mista-a-casu-konani-detskeho-kurzu-v-dejvicich-pbs\/","url":"https:\/\/www.rinceoiri.cz\/aktuality\/pozor-zmena-mista-a-casu-konani-detskeho-kurzu-v-dejvicich-pbs\/","name":"POZOR: Zm\u011bna m\u00edsta a \u010dasu kon\u00e1n\u00ed d\u011btsk\u00e9ho kurzu v Dejvic\u00edch (PBS) - Rinceoir\u00ed - klub irsk\u00fdch tanc\u016f","isPartOf":{"@id":"https:\/\/www.rinceoiri.cz\/#website"},"datePublished":"2015-01-07T10:37:38+00:00","dateModified":"2020-05-30T17:07:54+00:00","breadcrumb":{"@id":"https:\/\/www.rinceoiri.cz\/aktuality\/pozor-zmena-mista-a-casu-konani-detskeho-kurzu-v-dejvicich-pbs\/#breadcrumb"},"inLanguage":"en-GB","potentialAction":[{"@type":"ReadAction","target":["https:\/\/www.rinceoiri.cz\/aktuality\/pozor-zmena-mista-a-casu-konani-detskeho-kurzu-v-dejvicich-pbs\/"]}]},{"@type":"BreadcrumbList","@id":"https:\/\/www.rinceoiri.cz\/aktuality\/pozor-zmena-mista-a-casu-konani-detskeho-kurzu-v-dejvicich-pbs\/#breadcrumb","itemListElement":[{"@type":"ListItem","position":1,"name":"Dom\u016f","item":"https:\/\/www.rinceoiri.cz\/"},{"@type":"ListItem","position":2,"name":"POZOR: Zm\u011bna m\u00edsta a \u010dasu kon\u00e1n\u00ed d\u011btsk\u00e9ho kurzu v Dejvic\u00edch (PBS)"}]},{"@type":"WebSite","@id":"https:\/\/www.rinceoiri.cz\/#website","url":"https:\/\/www.rinceoiri.cz\/","name":"Rinceoir\u00ed - klub irsk\u00fdch tanc\u016f","description":"V\u00fduka irsk\u00fdch tanc\u016f, irsk\u00e9 tance - nab\u00eddka vystoupen\u00ed","publisher":{"@id":"https:\/\/www.rinceoiri.cz\/#organization"},"potentialAction":[{"@type":"SearchAction","target":{"@type":"EntryPoint","urlTemplate":"https:\/\/www.rinceoiri.cz\/?s={search_term_string}"},"query-input":"required name=search_term_string"}],"inLanguage":"en-GB"},{"@type":"Organization","@id":"https:\/\/www.rinceoiri.cz\/#organization","name":"Rinceoir\u00ed","url":"https:\/\/www.rinceoiri.cz\/","sameAs":["https:\/\/www.instagram.com\/rinceoiri\/","https:\/\/www.youtube.com\/channel\/UCtSffFpv2_EKMMuwlOJynnA","https:\/\/www.facebook.com\/rinceoiri\/"],"logo":{"@type":"ImageObject","inLanguage":"en-GB","@id":"https:\/\/www.rinceoiri.cz\/#\/schema\/logo\/image\/","url":"https:\/\/www.rinceoiri.cz\/wp-content\/uploads\/2020\/06\/Logo-Rince-bez-pozadi_cerne-e1591875742917.png","contentUrl":"https:\/\/www.rinceoiri.cz\/wp-content\/uploads\/2020\/06\/Logo-Rince-bez-pozadi_cerne-e1591875742917.png","width":400,"height":87,"caption":"Rinceoir\u00ed"},"image":{"@id":"https:\/\/www.rinceoiri.cz\/#\/schema\/logo\/image\/"}},{"@type":"Person","@id":"https:\/\/www.rinceoiri.cz\/#\/schema\/person\/0bc32ce63766655bbfc923f9e237dde4","name":"admin","image":{"@type":"ImageObject","inLanguage":"en-GB","@id":"https:\/\/www.rinceoiri.cz\/#\/schema\/person\/image\/","url":"https:\/\/secure.gravatar.com\/avatar\/0d0f6a8b78a849f1d5e9a3d4e07f0478?s=96&d=mm&r=g","contentUrl":"https:\/\/secure.gravatar.com\/avatar\/0d0f6a8b78a849f1d5e9a3d4e07f0478?s=96&d=mm&r=g","caption":"admin"}}]}},"_links":{"self":[{"href":"https:\/\/www.rinceoiri.cz\/en\/wp-json\/wp\/v2\/posts\/437"}],"collection":[{"href":"https:\/\/www.rinceoiri.cz\/en\/wp-json\/wp\/v2\/posts"}],"about":[{"href":"https:\/\/www.rinceoiri.cz\/en\/wp-json\/wp\/v2\/types\/post"}],"author":[{"embeddable":true,"href":"https:\/\/www.rinceoiri.cz\/en\/wp-json\/wp\/v2\/users\/1"}],"replies":[{"embeddable":true,"href":"https:\/\/www.rinceoiri.cz\/en\/wp-json\/wp\/v2\/comments?post=437"}],"version-history":[{"count":1,"href":"https:\/\/www.rinceoiri.cz\/en\/wp-json\/wp\/v2\/posts\/437\/revisions"}],"predecessor-version":[{"id":1082,"href":"https:\/\/www.rinceoiri.cz\/en\/wp-json\/wp\/v2\/posts\/437\/revisions\/1082"}],"wp:attachment":[{"href":"https:\/\/www.rinceoiri.cz\/en\/wp-json\/wp\/v2\/media?parent=437"}],"wp:term":[{"taxonomy":"category","embeddable":true,"href":"https:\/\/www.rinceoiri.cz\/en\/wp-json\/wp\/v2\/categories?post=437"},{"taxonomy":"post_tag","embeddable":true,"href":"https:\/\/www.rinceoiri.cz\/en\/wp-json\/wp\/v2\/tags?post=437"}],"curies":[{"name":"wp","href":"https:\/\/api.w.org\/{rel}","templated":true}]}}