{"id":530,"date":"2016-06-12T23:11:03","date_gmt":"2016-06-12T22:11:03","guid":{"rendered":"http:\/\/www.rinceoiri.cz\/rida\/?p=530"},"modified":"2020-05-30T17:07:35","modified_gmt":"2020-05-30T17:07:35","slug":"zaverecne-vystoupeni-2016","status":"publish","type":"post","link":"https:\/\/www.rinceoiri.cz\/en\/aktuality\/zaverecne-vystoupeni-2016\/","title":{"rendered":"Z\u00e1vere\u010dn\u00e9 vystoupen\u00ed 2016"},"content":{"rendered":"<p>V\u00e1\u017een\u00ed p\u0159\u00e1tel\u00e9 irsk\u00e9ho tance,<\/p>\n<p><span style=\"font-weight: normal; color: #4b4f56;\">Stejn\u011b jako ka\u017ed\u00fd rok, p\u0159ij\u010fte podpo\u0159\u00edt sv\u00e9 p\u0159\u00e1tele, partnery \u010di p\u0159\u00edbuzn\u00e9 a pod\u00edvat se, jak se zlep\u0161ili za tento \u0161koln\u00ed rok. \u010cek\u00e1 v\u00e1s mnoho zaj\u00edmav\u00fdch choreografi\u00ed od tane\u010dn\u00edk\u016f a tane\u010dnic mnoha v\u011bkov\u00fdch a pokro\u010dilostn\u00edch kategori\u00ed!<\/span><\/p>\n<p>Kdy? 26.6. 2016 od 19:00<\/p>\n<p>Kde? Velk\u00fd s\u00e1l \u00fast\u0159edn\u00ed knihovny v Praze na Mari\u00e1nsk\u00e9m n\u00e1m\u011bst\u00ed<\/p>\n<p><br style=\"font-weight: normal; color: #4b4f56;\" \/><span style=\"font-weight: normal; color: #4b4f56;\">L\u00edstky v prodeji od 20.6. u lektor\u016f (rezervace mo\u017en\u00e1 je\u0161t\u011b d\u0159\u00edv) , nebo na m\u00edst\u011b! \ud83d\ude42<\/span><\/p>\n<p>Ozna\u010dte i <a href=\"http:\/\/www.facebook.com\/events\/952932491486274\/\">na facebooku<\/a>, \u017ee doraz\u00edte!!!<\/p>","protected":false},"excerpt":{"rendered":"<p>V\u00e1\u017een\u00ed p\u0159\u00e1tel\u00e9 irsk\u00e9ho tance, Stejn\u011b jako ka\u017ed\u00fd rok, p\u0159ij\u010fte podpo\u0159\u00edt sv\u00e9 p\u0159\u00e1tele, partnery \u010di p\u0159\u00edbuzn\u00e9 a pod\u00edvat se, jak se zlep\u0161ili za tento \u0161koln\u00ed rok. \u010cek\u00e1 v\u00e1s mnoho zaj\u00edmav\u00fdch choreografi\u00ed od tane\u010dn\u00edk\u016f a tane\u010dnic mnoha v\u011bkov\u00fdch a pokro\u010dilostn\u00edch kategori\u00ed! Kdy? 26.6. 2016 od 19:00 Kde? Velk\u00fd s\u00e1l \u00fast\u0159edn\u00ed knihovny v Praze na Mari\u00e1nsk\u00e9m n\u00e1m\u011bst\u00ed L\u00edstky [&hellip;]<\/p>","protected":false},"author":1,"featured_media":0,"comment_status":"open","ping_status":"open","sticky":false,"template":"","format":"standard","meta":[],"categories":[9,10],"tags":[],"yoast_head":"<!-- This site is optimized with the Yoast SEO plugin v19.6 - https:\/\/yoast.com\/wordpress\/plugins\/seo\/ -->\n<title>Z\u00e1vere\u010dn\u00e9 vystoupen\u00ed 2016 - Rinceoir\u00ed - klub irsk\u00fdch tanc\u016f<\/title>\n<meta name=\"robots\" content=\"index, follow, max-snippet:-1, max-image-preview:large, max-video-preview:-1\" \/>\n<link rel=\"canonical\" href=\"https:\/\/www.rinceoiri.cz\/en\/aktuality\/zaverecne-vystoupeni-2016\/\" \/>\n<meta property=\"og:locale\" content=\"en_GB\" \/>\n<meta property=\"og:type\" content=\"article\" \/>\n<meta property=\"og:title\" content=\"Z\u00e1vere\u010dn\u00e9 vystoupen\u00ed 2016 - Rinceoir\u00ed - klub irsk\u00fdch tanc\u016f\" \/>\n<meta property=\"og:description\" content=\"V\u00e1\u017een\u00ed p\u0159\u00e1tel\u00e9 irsk\u00e9ho tance, Stejn\u011b jako ka\u017ed\u00fd rok, p\u0159ij\u010fte podpo\u0159\u00edt sv\u00e9 p\u0159\u00e1tele, partnery \u010di p\u0159\u00edbuzn\u00e9 a pod\u00edvat se, jak se zlep\u0161ili za tento \u0161koln\u00ed rok. \u010cek\u00e1 v\u00e1s mnoho zaj\u00edmav\u00fdch choreografi\u00ed od tane\u010dn\u00edk\u016f a tane\u010dnic mnoha v\u011bkov\u00fdch a pokro\u010dilostn\u00edch kategori\u00ed! Kdy? 26.6. 2016 od 19:00 Kde? Velk\u00fd s\u00e1l \u00fast\u0159edn\u00ed knihovny v Praze na Mari\u00e1nsk\u00e9m n\u00e1m\u011bst\u00ed L\u00edstky [&hellip;]\" \/>\n<meta property=\"og:url\" content=\"https:\/\/www.rinceoiri.cz\/en\/aktuality\/zaverecne-vystoupeni-2016\/\" \/>\n<meta property=\"og:site_name\" content=\"Rinceoir\u00ed - klub irsk\u00fdch tanc\u016f\" \/>\n<meta property=\"article:publisher\" content=\"https:\/\/www.facebook.com\/rinceoiri\/\" \/>\n<meta property=\"article:published_time\" content=\"2016-06-12T22:11:03+00:00\" \/>\n<meta property=\"article:modified_time\" content=\"2020-05-30T17:07:35+00:00\" \/>\n<meta name=\"author\" content=\"admin\" \/>\n<meta name=\"twitter:card\" content=\"summary_large_image\" \/>\n<meta name=\"twitter:label1\" content=\"Written by\" \/>\n\t<meta name=\"twitter:data1\" content=\"admin\" \/>\n\t<meta name=\"twitter:label2\" content=\"Estimated reading time\" \/>\n\t<meta name=\"twitter:data2\" content=\"1 minute\" \/>\n<script type=\"application\/ld+json\" class=\"yoast-schema-graph\">{\"@context\":\"https:\/\/schema.org\",\"@graph\":[{\"@type\":\"Article\",\"@id\":\"https:\/\/www.rinceoiri.cz\/aktuality\/zaverecne-vystoupeni-2016\/#article\",\"isPartOf\":{\"@id\":\"https:\/\/www.rinceoiri.cz\/aktuality\/zaverecne-vystoupeni-2016\/\"},\"author\":{\"name\":\"admin\",\"@id\":\"https:\/\/www.rinceoiri.cz\/#\/schema\/person\/0bc32ce63766655bbfc923f9e237dde4\"},\"headline\":\"Z\u00e1vere\u010dn\u00e9 vystoupen\u00ed 2016\",\"datePublished\":\"2016-06-12T22:11:03+00:00\",\"dateModified\":\"2020-05-30T17:07:35+00:00\",\"mainEntityOfPage\":{\"@id\":\"https:\/\/www.rinceoiri.cz\/aktuality\/zaverecne-vystoupeni-2016\/\"},\"wordCount\":108,\"commentCount\":0,\"publisher\":{\"@id\":\"https:\/\/www.rinceoiri.cz\/#organization\"},\"articleSection\":[\"Aktuality\",\"Neza\u0159azen\u00e9\"],\"inLanguage\":\"en-GB\",\"potentialAction\":[{\"@type\":\"CommentAction\",\"name\":\"Comment\",\"target\":[\"https:\/\/www.rinceoiri.cz\/aktuality\/zaverecne-vystoupeni-2016\/#respond\"]}]},{\"@type\":\"WebPage\",\"@id\":\"https:\/\/www.rinceoiri.cz\/aktuality\/zaverecne-vystoupeni-2016\/\",\"url\":\"https:\/\/www.rinceoiri.cz\/aktuality\/zaverecne-vystoupeni-2016\/\",\"name\":\"Z\u00e1vere\u010dn\u00e9 vystoupen\u00ed 2016 - Rinceoir\u00ed - klub irsk\u00fdch tanc\u016f\",\"isPartOf\":{\"@id\":\"https:\/\/www.rinceoiri.cz\/#website\"},\"datePublished\":\"2016-06-12T22:11:03+00:00\",\"dateModified\":\"2020-05-30T17:07:35+00:00\",\"breadcrumb\":{\"@id\":\"https:\/\/www.rinceoiri.cz\/aktuality\/zaverecne-vystoupeni-2016\/#breadcrumb\"},\"inLanguage\":\"en-GB\",\"potentialAction\":[{\"@type\":\"ReadAction\",\"target\":[\"https:\/\/www.rinceoiri.cz\/aktuality\/zaverecne-vystoupeni-2016\/\"]}]},{\"@type\":\"BreadcrumbList\",\"@id\":\"https:\/\/www.rinceoiri.cz\/aktuality\/zaverecne-vystoupeni-2016\/#breadcrumb\",\"itemListElement\":[{\"@type\":\"ListItem\",\"position\":1,\"name\":\"Dom\u016f\",\"item\":\"https:\/\/www.rinceoiri.cz\/\"},{\"@type\":\"ListItem\",\"position\":2,\"name\":\"Z\u00e1vere\u010dn\u00e9 vystoupen\u00ed 2016\"}]},{\"@type\":\"WebSite\",\"@id\":\"https:\/\/www.rinceoiri.cz\/#website\",\"url\":\"https:\/\/www.rinceoiri.cz\/\",\"name\":\"Rinceoir\u00ed - klub irsk\u00fdch tanc\u016f\",\"description\":\"V\u00fduka irsk\u00fdch tanc\u016f, irsk\u00e9 tance - nab\u00eddka vystoupen\u00ed\",\"publisher\":{\"@id\":\"https:\/\/www.rinceoiri.cz\/#organization\"},\"potentialAction\":[{\"@type\":\"SearchAction\",\"target\":{\"@type\":\"EntryPoint\",\"urlTemplate\":\"https:\/\/www.rinceoiri.cz\/?s={search_term_string}\"},\"query-input\":\"required name=search_term_string\"}],\"inLanguage\":\"en-GB\"},{\"@type\":\"Organization\",\"@id\":\"https:\/\/www.rinceoiri.cz\/#organization\",\"name\":\"Rinceoir\u00ed\",\"url\":\"https:\/\/www.rinceoiri.cz\/\",\"sameAs\":[\"https:\/\/www.instagram.com\/rinceoiri\/\",\"https:\/\/www.youtube.com\/channel\/UCtSffFpv2_EKMMuwlOJynnA\",\"https:\/\/www.facebook.com\/rinceoiri\/\"],\"logo\":{\"@type\":\"ImageObject\",\"inLanguage\":\"en-GB\",\"@id\":\"https:\/\/www.rinceoiri.cz\/#\/schema\/logo\/image\/\",\"url\":\"https:\/\/www.rinceoiri.cz\/wp-content\/uploads\/2020\/06\/Logo-Rince-bez-pozadi_cerne-e1591875742917.png\",\"contentUrl\":\"https:\/\/www.rinceoiri.cz\/wp-content\/uploads\/2020\/06\/Logo-Rince-bez-pozadi_cerne-e1591875742917.png\",\"width\":400,\"height\":87,\"caption\":\"Rinceoir\u00ed\"},\"image\":{\"@id\":\"https:\/\/www.rinceoiri.cz\/#\/schema\/logo\/image\/\"}},{\"@type\":\"Person\",\"@id\":\"https:\/\/www.rinceoiri.cz\/#\/schema\/person\/0bc32ce63766655bbfc923f9e237dde4\",\"name\":\"admin\",\"image\":{\"@type\":\"ImageObject\",\"inLanguage\":\"en-GB\",\"@id\":\"https:\/\/www.rinceoiri.cz\/#\/schema\/person\/image\/\",\"url\":\"https:\/\/secure.gravatar.com\/avatar\/0d0f6a8b78a849f1d5e9a3d4e07f0478?s=96&d=mm&r=g\",\"contentUrl\":\"https:\/\/secure.gravatar.com\/avatar\/0d0f6a8b78a849f1d5e9a3d4e07f0478?s=96&d=mm&r=g\",\"caption\":\"admin\"}}]}<\/script>\n<!-- \/ Yoast SEO plugin. -->","yoast_head_json":{"title":"Z\u00e1vere\u010dn\u00e9 vystoupen\u00ed 2016 - Rinceoir\u00ed - klub irsk\u00fdch tanc\u016f","robots":{"index":"index","follow":"follow","max-snippet":"max-snippet:-1","max-image-preview":"max-image-preview:large","max-video-preview":"max-video-preview:-1"},"canonical":"https:\/\/www.rinceoiri.cz\/en\/aktuality\/zaverecne-vystoupeni-2016\/","og_locale":"en_GB","og_type":"article","og_title":"Z\u00e1vere\u010dn\u00e9 vystoupen\u00ed 2016 - Rinceoir\u00ed - klub irsk\u00fdch tanc\u016f","og_description":"V\u00e1\u017een\u00ed p\u0159\u00e1tel\u00e9 irsk\u00e9ho tance, Stejn\u011b jako ka\u017ed\u00fd rok, p\u0159ij\u010fte podpo\u0159\u00edt sv\u00e9 p\u0159\u00e1tele, partnery \u010di p\u0159\u00edbuzn\u00e9 a pod\u00edvat se, jak se zlep\u0161ili za tento \u0161koln\u00ed rok. \u010cek\u00e1 v\u00e1s mnoho zaj\u00edmav\u00fdch choreografi\u00ed od tane\u010dn\u00edk\u016f a tane\u010dnic mnoha v\u011bkov\u00fdch a pokro\u010dilostn\u00edch kategori\u00ed! Kdy? 26.6. 2016 od 19:00 Kde? Velk\u00fd s\u00e1l \u00fast\u0159edn\u00ed knihovny v Praze na Mari\u00e1nsk\u00e9m n\u00e1m\u011bst\u00ed L\u00edstky [&hellip;]","og_url":"https:\/\/www.rinceoiri.cz\/en\/aktuality\/zaverecne-vystoupeni-2016\/","og_site_name":"Rinceoir\u00ed - klub irsk\u00fdch tanc\u016f","article_publisher":"https:\/\/www.facebook.com\/rinceoiri\/","article_published_time":"2016-06-12T22:11:03+00:00","article_modified_time":"2020-05-30T17:07:35+00:00","author":"admin","twitter_card":"summary_large_image","twitter_misc":{"Written by":"admin","Estimated reading time":"1 minute"},"schema":{"@context":"https:\/\/schema.org","@graph":[{"@type":"Article","@id":"https:\/\/www.rinceoiri.cz\/aktuality\/zaverecne-vystoupeni-2016\/#article","isPartOf":{"@id":"https:\/\/www.rinceoiri.cz\/aktuality\/zaverecne-vystoupeni-2016\/"},"author":{"name":"admin","@id":"https:\/\/www.rinceoiri.cz\/#\/schema\/person\/0bc32ce63766655bbfc923f9e237dde4"},"headline":"Z\u00e1vere\u010dn\u00e9 vystoupen\u00ed 2016","datePublished":"2016-06-12T22:11:03+00:00","dateModified":"2020-05-30T17:07:35+00:00","mainEntityOfPage":{"@id":"https:\/\/www.rinceoiri.cz\/aktuality\/zaverecne-vystoupeni-2016\/"},"wordCount":108,"commentCount":0,"publisher":{"@id":"https:\/\/www.rinceoiri.cz\/#organization"},"articleSection":["Aktuality","Neza\u0159azen\u00e9"],"inLanguage":"en-GB","potentialAction":[{"@type":"CommentAction","name":"Comment","target":["https:\/\/www.rinceoiri.cz\/aktuality\/zaverecne-vystoupeni-2016\/#respond"]}]},{"@type":"WebPage","@id":"https:\/\/www.rinceoiri.cz\/aktuality\/zaverecne-vystoupeni-2016\/","url":"https:\/\/www.rinceoiri.cz\/aktuality\/zaverecne-vystoupeni-2016\/","name":"Z\u00e1vere\u010dn\u00e9 vystoupen\u00ed 2016 - Rinceoir\u00ed - klub irsk\u00fdch tanc\u016f","isPartOf":{"@id":"https:\/\/www.rinceoiri.cz\/#website"},"datePublished":"2016-06-12T22:11:03+00:00","dateModified":"2020-05-30T17:07:35+00:00","breadcrumb":{"@id":"https:\/\/www.rinceoiri.cz\/aktuality\/zaverecne-vystoupeni-2016\/#breadcrumb"},"inLanguage":"en-GB","potentialAction":[{"@type":"ReadAction","target":["https:\/\/www.rinceoiri.cz\/aktuality\/zaverecne-vystoupeni-2016\/"]}]},{"@type":"BreadcrumbList","@id":"https:\/\/www.rinceoiri.cz\/aktuality\/zaverecne-vystoupeni-2016\/#breadcrumb","itemListElement":[{"@type":"ListItem","position":1,"name":"Dom\u016f","item":"https:\/\/www.rinceoiri.cz\/"},{"@type":"ListItem","position":2,"name":"Z\u00e1vere\u010dn\u00e9 vystoupen\u00ed 2016"}]},{"@type":"WebSite","@id":"https:\/\/www.rinceoiri.cz\/#website","url":"https:\/\/www.rinceoiri.cz\/","name":"Rinceoir\u00ed - klub irsk\u00fdch tanc\u016f","description":"V\u00fduka irsk\u00fdch tanc\u016f, irsk\u00e9 tance - nab\u00eddka vystoupen\u00ed","publisher":{"@id":"https:\/\/www.rinceoiri.cz\/#organization"},"potentialAction":[{"@type":"SearchAction","target":{"@type":"EntryPoint","urlTemplate":"https:\/\/www.rinceoiri.cz\/?s={search_term_string}"},"query-input":"required name=search_term_string"}],"inLanguage":"en-GB"},{"@type":"Organization","@id":"https:\/\/www.rinceoiri.cz\/#organization","name":"Rinceoir\u00ed","url":"https:\/\/www.rinceoiri.cz\/","sameAs":["https:\/\/www.instagram.com\/rinceoiri\/","https:\/\/www.youtube.com\/channel\/UCtSffFpv2_EKMMuwlOJynnA","https:\/\/www.facebook.com\/rinceoiri\/"],"logo":{"@type":"ImageObject","inLanguage":"en-GB","@id":"https:\/\/www.rinceoiri.cz\/#\/schema\/logo\/image\/","url":"https:\/\/www.rinceoiri.cz\/wp-content\/uploads\/2020\/06\/Logo-Rince-bez-pozadi_cerne-e1591875742917.png","contentUrl":"https:\/\/www.rinceoiri.cz\/wp-content\/uploads\/2020\/06\/Logo-Rince-bez-pozadi_cerne-e1591875742917.png","width":400,"height":87,"caption":"Rinceoir\u00ed"},"image":{"@id":"https:\/\/www.rinceoiri.cz\/#\/schema\/logo\/image\/"}},{"@type":"Person","@id":"https:\/\/www.rinceoiri.cz\/#\/schema\/person\/0bc32ce63766655bbfc923f9e237dde4","name":"admin","image":{"@type":"ImageObject","inLanguage":"en-GB","@id":"https:\/\/www.rinceoiri.cz\/#\/schema\/person\/image\/","url":"https:\/\/secure.gravatar.com\/avatar\/0d0f6a8b78a849f1d5e9a3d4e07f0478?s=96&d=mm&r=g","contentUrl":"https:\/\/secure.gravatar.com\/avatar\/0d0f6a8b78a849f1d5e9a3d4e07f0478?s=96&d=mm&r=g","caption":"admin"}}]}},"_links":{"self":[{"href":"https:\/\/www.rinceoiri.cz\/en\/wp-json\/wp\/v2\/posts\/530"}],"collection":[{"href":"https:\/\/www.rinceoiri.cz\/en\/wp-json\/wp\/v2\/posts"}],"about":[{"href":"https:\/\/www.rinceoiri.cz\/en\/wp-json\/wp\/v2\/types\/post"}],"author":[{"embeddable":true,"href":"https:\/\/www.rinceoiri.cz\/en\/wp-json\/wp\/v2\/users\/1"}],"replies":[{"embeddable":true,"href":"https:\/\/www.rinceoiri.cz\/en\/wp-json\/wp\/v2\/comments?post=530"}],"version-history":[{"count":1,"href":"https:\/\/www.rinceoiri.cz\/en\/wp-json\/wp\/v2\/posts\/530\/revisions"}],"predecessor-version":[{"id":1064,"href":"https:\/\/www.rinceoiri.cz\/en\/wp-json\/wp\/v2\/posts\/530\/revisions\/1064"}],"wp:attachment":[{"href":"https:\/\/www.rinceoiri.cz\/en\/wp-json\/wp\/v2\/media?parent=530"}],"wp:term":[{"taxonomy":"category","embeddable":true,"href":"https:\/\/www.rinceoiri.cz\/en\/wp-json\/wp\/v2\/categories?post=530"},{"taxonomy":"post_tag","embeddable":true,"href":"https:\/\/www.rinceoiri.cz\/en\/wp-json\/wp\/v2\/tags?post=530"}],"curies":[{"name":"wp","href":"https:\/\/api.w.org\/{rel}","templated":true}]}}