{"id":625,"date":"2017-09-07T14:18:39","date_gmt":"2017-09-07T13:18:39","guid":{"rendered":"http:\/\/www.rinceoiri.cz\/rida\/?p=625"},"modified":"2020-05-30T17:07:06","modified_gmt":"2020-05-30T17:07:06","slug":"novy-skolni-rok-2","status":"publish","type":"post","link":"https:\/\/www.rinceoiri.cz\/en\/aktuality\/novy-skolni-rok-2\/","title":{"rendered":"Nov\u00fd \u0161koln\u00ed rok"},"content":{"rendered":"<p>Mil\u00ed tane\u010dn\u00edci,<\/p>\n<p>douf\u00e1me, \u017ee jste si o pr\u00e1zdnin\u00e1ch odpo\u010dinuli a \u017ee jste na\u010derpali s\u00edly na dal\u0161\u00ed rok pln\u00fd tance. Rozd\u011blen\u00ed do kurz\u016f jsme v\u00e1m zaslali na mail, pokud se k n\u011bkomu nedostalo, nebo jste se v n\u011bm nena\u0161li, ur\u010dit\u011b n\u00e1m dejte v\u011bd\u011bt.<\/p>\n<p>Kurzy letos za\u010d\u00ednaj\u00ed 4. 9. 2017 a kon\u010d\u00ed z\u00e1v\u011bre\u010dn\u00fdm vystoupen\u00edm 24. 6. 2018. O platbu za 1. pololet\u00ed v\u00e1s popros\u00edme do 24. 9. 2017.<\/p>\n<p>Mezi d\u016fle\u017eit\u00e9 term\u00edny tohoto pololet\u00ed pat\u0159\u00ed v\u00edkend 14.-15. 10., kdy prob\u011bhne sout\u011b\u017e ve V\u00eddni, 4.-5. 11. kvalifikace v Gdyni a 2.-3. 12. v\u00e1no\u010dn\u00ed feis v Bratislav\u011b. P\u0159ed ka\u017edou sout\u011b\u017e\u00ed se pro v\u00e1s budeme sna\u017eit uspo\u0159\u00e1dat semin\u00e1\u0159 a 25.-26. listopadu prob\u011bhne semin\u00e1\u0159 s Leanne.<\/p>\n<p>Co se t\u00fd\u010de kurz\u016f, tak v\u011bt\u0161ina za\u010d\u00edn\u00e1 v t\u00fddnu od 4. z\u00e1\u0159\u00ed. V\u00fdjimkou jsou dosp\u011bl\u00ed za\u010d\u00e1te\u010dn\u00edci a d\u011bti v Kunratic\u00edch, kte\u0159\u00ed za\u010dnou o t\u00fdden pozd\u011bji, tedy od 11. 9. a d\u011btsk\u00e9 kurzy v P\u00edsnici a Vr\u0161ovic\u00edch, kter\u00e9 za\u010d\u00ednaj\u00ed a\u017e od \u0159\u00edjna. Krom\u011b toho n\u00e1m tento t\u00fdden ozn\u00e1mili, \u017ee se bude rekonstruovat t\u011blocvi\u010dna na Z\u0160 Bohumila Hrabala na Palmovce a \u017ee n\u00e1m ru\u0161\u00ed n\u00e1jem. V sou\u010dasn\u00e9 dob\u011b tedy hled\u00e1me n\u00e1hradn\u00ed m\u00edsto a budeme v\u00e1s informovat, jakmile n\u011bjak\u00e9 najdeme.<\/p>\n<p>To je od n\u00e1s v\u0161e a t\u011b\u0161\u00edme se na v\u00e1s na kurzech. Nov\u00fd \u0161koln\u00ed rok za\u010d\u00edn\u00e1 5, 6, 7, 8&#8230;<\/p>","protected":false},"excerpt":{"rendered":"<p>Mil\u00ed tane\u010dn\u00edci, douf\u00e1me, \u017ee jste si o pr\u00e1zdnin\u00e1ch odpo\u010dinuli a \u017ee jste na\u010derpali s\u00edly na dal\u0161\u00ed rok pln\u00fd tance. Rozd\u011blen\u00ed do kurz\u016f jsme v\u00e1m zaslali na mail, pokud se k n\u011bkomu nedostalo, nebo jste se v n\u011bm nena\u0161li, ur\u010dit\u011b n\u00e1m dejte v\u011bd\u011bt. Kurzy letos za\u010d\u00ednaj\u00ed 4. 9. 2017 a kon\u010d\u00ed z\u00e1v\u011bre\u010dn\u00fdm vystoupen\u00edm 24. 6. 2018. [&hellip;]<\/p>","protected":false},"author":1,"featured_media":0,"comment_status":"open","ping_status":"open","sticky":false,"template":"","format":"standard","meta":[],"categories":[9,10],"tags":[],"yoast_head":"<!-- This site is optimized with the Yoast SEO plugin v19.6 - https:\/\/yoast.com\/wordpress\/plugins\/seo\/ -->\n<title>Nov\u00fd \u0161koln\u00ed rok - Rinceoir\u00ed - klub irsk\u00fdch tanc\u016f<\/title>\n<meta name=\"robots\" content=\"index, follow, max-snippet:-1, max-image-preview:large, max-video-preview:-1\" \/>\n<link rel=\"canonical\" href=\"https:\/\/www.rinceoiri.cz\/en\/aktuality\/novy-skolni-rok-2\/\" \/>\n<meta property=\"og:locale\" content=\"en_GB\" \/>\n<meta property=\"og:type\" content=\"article\" \/>\n<meta property=\"og:title\" content=\"Nov\u00fd \u0161koln\u00ed rok - Rinceoir\u00ed - klub irsk\u00fdch tanc\u016f\" \/>\n<meta property=\"og:description\" content=\"Mil\u00ed tane\u010dn\u00edci, douf\u00e1me, \u017ee jste si o pr\u00e1zdnin\u00e1ch odpo\u010dinuli a \u017ee jste na\u010derpali s\u00edly na dal\u0161\u00ed rok pln\u00fd tance. Rozd\u011blen\u00ed do kurz\u016f jsme v\u00e1m zaslali na mail, pokud se k n\u011bkomu nedostalo, nebo jste se v n\u011bm nena\u0161li, ur\u010dit\u011b n\u00e1m dejte v\u011bd\u011bt. Kurzy letos za\u010d\u00ednaj\u00ed 4. 9. 2017 a kon\u010d\u00ed z\u00e1v\u011bre\u010dn\u00fdm vystoupen\u00edm 24. 6. 2018. [&hellip;]\" \/>\n<meta property=\"og:url\" content=\"https:\/\/www.rinceoiri.cz\/en\/aktuality\/novy-skolni-rok-2\/\" \/>\n<meta property=\"og:site_name\" content=\"Rinceoir\u00ed - klub irsk\u00fdch tanc\u016f\" \/>\n<meta property=\"article:publisher\" content=\"https:\/\/www.facebook.com\/rinceoiri\/\" \/>\n<meta property=\"article:published_time\" content=\"2017-09-07T13:18:39+00:00\" \/>\n<meta property=\"article:modified_time\" content=\"2020-05-30T17:07:06+00:00\" \/>\n<meta name=\"author\" content=\"admin\" \/>\n<meta name=\"twitter:card\" content=\"summary_large_image\" \/>\n<meta name=\"twitter:label1\" content=\"Written by\" \/>\n\t<meta name=\"twitter:data1\" content=\"admin\" \/>\n\t<meta name=\"twitter:label2\" content=\"Estimated reading time\" \/>\n\t<meta name=\"twitter:data2\" content=\"1 minute\" \/>\n<script type=\"application\/ld+json\" class=\"yoast-schema-graph\">{\"@context\":\"https:\/\/schema.org\",\"@graph\":[{\"@type\":\"Article\",\"@id\":\"https:\/\/www.rinceoiri.cz\/aktuality\/novy-skolni-rok-2\/#article\",\"isPartOf\":{\"@id\":\"https:\/\/www.rinceoiri.cz\/aktuality\/novy-skolni-rok-2\/\"},\"author\":{\"name\":\"admin\",\"@id\":\"https:\/\/www.rinceoiri.cz\/#\/schema\/person\/0bc32ce63766655bbfc923f9e237dde4\"},\"headline\":\"Nov\u00fd \u0161koln\u00ed rok\",\"datePublished\":\"2017-09-07T13:18:39+00:00\",\"dateModified\":\"2020-05-30T17:07:06+00:00\",\"mainEntityOfPage\":{\"@id\":\"https:\/\/www.rinceoiri.cz\/aktuality\/novy-skolni-rok-2\/\"},\"wordCount\":266,\"commentCount\":0,\"publisher\":{\"@id\":\"https:\/\/www.rinceoiri.cz\/#organization\"},\"articleSection\":[\"Aktuality\",\"Neza\u0159azen\u00e9\"],\"inLanguage\":\"en-GB\",\"potentialAction\":[{\"@type\":\"CommentAction\",\"name\":\"Comment\",\"target\":[\"https:\/\/www.rinceoiri.cz\/aktuality\/novy-skolni-rok-2\/#respond\"]}]},{\"@type\":\"WebPage\",\"@id\":\"https:\/\/www.rinceoiri.cz\/aktuality\/novy-skolni-rok-2\/\",\"url\":\"https:\/\/www.rinceoiri.cz\/aktuality\/novy-skolni-rok-2\/\",\"name\":\"Nov\u00fd \u0161koln\u00ed rok - Rinceoir\u00ed - klub irsk\u00fdch tanc\u016f\",\"isPartOf\":{\"@id\":\"https:\/\/www.rinceoiri.cz\/#website\"},\"datePublished\":\"2017-09-07T13:18:39+00:00\",\"dateModified\":\"2020-05-30T17:07:06+00:00\",\"breadcrumb\":{\"@id\":\"https:\/\/www.rinceoiri.cz\/aktuality\/novy-skolni-rok-2\/#breadcrumb\"},\"inLanguage\":\"en-GB\",\"potentialAction\":[{\"@type\":\"ReadAction\",\"target\":[\"https:\/\/www.rinceoiri.cz\/aktuality\/novy-skolni-rok-2\/\"]}]},{\"@type\":\"BreadcrumbList\",\"@id\":\"https:\/\/www.rinceoiri.cz\/aktuality\/novy-skolni-rok-2\/#breadcrumb\",\"itemListElement\":[{\"@type\":\"ListItem\",\"position\":1,\"name\":\"Dom\u016f\",\"item\":\"https:\/\/www.rinceoiri.cz\/\"},{\"@type\":\"ListItem\",\"position\":2,\"name\":\"Nov\u00fd \u0161koln\u00ed rok\"}]},{\"@type\":\"WebSite\",\"@id\":\"https:\/\/www.rinceoiri.cz\/#website\",\"url\":\"https:\/\/www.rinceoiri.cz\/\",\"name\":\"Rinceoir\u00ed - klub irsk\u00fdch tanc\u016f\",\"description\":\"V\u00fduka irsk\u00fdch tanc\u016f, irsk\u00e9 tance - nab\u00eddka vystoupen\u00ed\",\"publisher\":{\"@id\":\"https:\/\/www.rinceoiri.cz\/#organization\"},\"potentialAction\":[{\"@type\":\"SearchAction\",\"target\":{\"@type\":\"EntryPoint\",\"urlTemplate\":\"https:\/\/www.rinceoiri.cz\/?s={search_term_string}\"},\"query-input\":\"required name=search_term_string\"}],\"inLanguage\":\"en-GB\"},{\"@type\":\"Organization\",\"@id\":\"https:\/\/www.rinceoiri.cz\/#organization\",\"name\":\"Rinceoir\u00ed\",\"url\":\"https:\/\/www.rinceoiri.cz\/\",\"sameAs\":[\"https:\/\/www.instagram.com\/rinceoiri\/\",\"https:\/\/www.youtube.com\/channel\/UCtSffFpv2_EKMMuwlOJynnA\",\"https:\/\/www.facebook.com\/rinceoiri\/\"],\"logo\":{\"@type\":\"ImageObject\",\"inLanguage\":\"en-GB\",\"@id\":\"https:\/\/www.rinceoiri.cz\/#\/schema\/logo\/image\/\",\"url\":\"https:\/\/www.rinceoiri.cz\/wp-content\/uploads\/2020\/06\/Logo-Rince-bez-pozadi_cerne-e1591875742917.png\",\"contentUrl\":\"https:\/\/www.rinceoiri.cz\/wp-content\/uploads\/2020\/06\/Logo-Rince-bez-pozadi_cerne-e1591875742917.png\",\"width\":400,\"height\":87,\"caption\":\"Rinceoir\u00ed\"},\"image\":{\"@id\":\"https:\/\/www.rinceoiri.cz\/#\/schema\/logo\/image\/\"}},{\"@type\":\"Person\",\"@id\":\"https:\/\/www.rinceoiri.cz\/#\/schema\/person\/0bc32ce63766655bbfc923f9e237dde4\",\"name\":\"admin\",\"image\":{\"@type\":\"ImageObject\",\"inLanguage\":\"en-GB\",\"@id\":\"https:\/\/www.rinceoiri.cz\/#\/schema\/person\/image\/\",\"url\":\"https:\/\/secure.gravatar.com\/avatar\/0d0f6a8b78a849f1d5e9a3d4e07f0478?s=96&d=mm&r=g\",\"contentUrl\":\"https:\/\/secure.gravatar.com\/avatar\/0d0f6a8b78a849f1d5e9a3d4e07f0478?s=96&d=mm&r=g\",\"caption\":\"admin\"}}]}<\/script>\n<!-- \/ Yoast SEO plugin. -->","yoast_head_json":{"title":"Nov\u00fd \u0161koln\u00ed rok - Rinceoir\u00ed - klub irsk\u00fdch tanc\u016f","robots":{"index":"index","follow":"follow","max-snippet":"max-snippet:-1","max-image-preview":"max-image-preview:large","max-video-preview":"max-video-preview:-1"},"canonical":"https:\/\/www.rinceoiri.cz\/en\/aktuality\/novy-skolni-rok-2\/","og_locale":"en_GB","og_type":"article","og_title":"Nov\u00fd \u0161koln\u00ed rok - Rinceoir\u00ed - klub irsk\u00fdch tanc\u016f","og_description":"Mil\u00ed tane\u010dn\u00edci, douf\u00e1me, \u017ee jste si o pr\u00e1zdnin\u00e1ch odpo\u010dinuli a \u017ee jste na\u010derpali s\u00edly na dal\u0161\u00ed rok pln\u00fd tance. Rozd\u011blen\u00ed do kurz\u016f jsme v\u00e1m zaslali na mail, pokud se k n\u011bkomu nedostalo, nebo jste se v n\u011bm nena\u0161li, ur\u010dit\u011b n\u00e1m dejte v\u011bd\u011bt. Kurzy letos za\u010d\u00ednaj\u00ed 4. 9. 2017 a kon\u010d\u00ed z\u00e1v\u011bre\u010dn\u00fdm vystoupen\u00edm 24. 6. 2018. [&hellip;]","og_url":"https:\/\/www.rinceoiri.cz\/en\/aktuality\/novy-skolni-rok-2\/","og_site_name":"Rinceoir\u00ed - klub irsk\u00fdch tanc\u016f","article_publisher":"https:\/\/www.facebook.com\/rinceoiri\/","article_published_time":"2017-09-07T13:18:39+00:00","article_modified_time":"2020-05-30T17:07:06+00:00","author":"admin","twitter_card":"summary_large_image","twitter_misc":{"Written by":"admin","Estimated reading time":"1 minute"},"schema":{"@context":"https:\/\/schema.org","@graph":[{"@type":"Article","@id":"https:\/\/www.rinceoiri.cz\/aktuality\/novy-skolni-rok-2\/#article","isPartOf":{"@id":"https:\/\/www.rinceoiri.cz\/aktuality\/novy-skolni-rok-2\/"},"author":{"name":"admin","@id":"https:\/\/www.rinceoiri.cz\/#\/schema\/person\/0bc32ce63766655bbfc923f9e237dde4"},"headline":"Nov\u00fd \u0161koln\u00ed rok","datePublished":"2017-09-07T13:18:39+00:00","dateModified":"2020-05-30T17:07:06+00:00","mainEntityOfPage":{"@id":"https:\/\/www.rinceoiri.cz\/aktuality\/novy-skolni-rok-2\/"},"wordCount":266,"commentCount":0,"publisher":{"@id":"https:\/\/www.rinceoiri.cz\/#organization"},"articleSection":["Aktuality","Neza\u0159azen\u00e9"],"inLanguage":"en-GB","potentialAction":[{"@type":"CommentAction","name":"Comment","target":["https:\/\/www.rinceoiri.cz\/aktuality\/novy-skolni-rok-2\/#respond"]}]},{"@type":"WebPage","@id":"https:\/\/www.rinceoiri.cz\/aktuality\/novy-skolni-rok-2\/","url":"https:\/\/www.rinceoiri.cz\/aktuality\/novy-skolni-rok-2\/","name":"Nov\u00fd \u0161koln\u00ed rok - Rinceoir\u00ed - klub irsk\u00fdch tanc\u016f","isPartOf":{"@id":"https:\/\/www.rinceoiri.cz\/#website"},"datePublished":"2017-09-07T13:18:39+00:00","dateModified":"2020-05-30T17:07:06+00:00","breadcrumb":{"@id":"https:\/\/www.rinceoiri.cz\/aktuality\/novy-skolni-rok-2\/#breadcrumb"},"inLanguage":"en-GB","potentialAction":[{"@type":"ReadAction","target":["https:\/\/www.rinceoiri.cz\/aktuality\/novy-skolni-rok-2\/"]}]},{"@type":"BreadcrumbList","@id":"https:\/\/www.rinceoiri.cz\/aktuality\/novy-skolni-rok-2\/#breadcrumb","itemListElement":[{"@type":"ListItem","position":1,"name":"Dom\u016f","item":"https:\/\/www.rinceoiri.cz\/"},{"@type":"ListItem","position":2,"name":"Nov\u00fd \u0161koln\u00ed rok"}]},{"@type":"WebSite","@id":"https:\/\/www.rinceoiri.cz\/#website","url":"https:\/\/www.rinceoiri.cz\/","name":"Rinceoir\u00ed - klub irsk\u00fdch tanc\u016f","description":"V\u00fduka irsk\u00fdch tanc\u016f, irsk\u00e9 tance - nab\u00eddka vystoupen\u00ed","publisher":{"@id":"https:\/\/www.rinceoiri.cz\/#organization"},"potentialAction":[{"@type":"SearchAction","target":{"@type":"EntryPoint","urlTemplate":"https:\/\/www.rinceoiri.cz\/?s={search_term_string}"},"query-input":"required name=search_term_string"}],"inLanguage":"en-GB"},{"@type":"Organization","@id":"https:\/\/www.rinceoiri.cz\/#organization","name":"Rinceoir\u00ed","url":"https:\/\/www.rinceoiri.cz\/","sameAs":["https:\/\/www.instagram.com\/rinceoiri\/","https:\/\/www.youtube.com\/channel\/UCtSffFpv2_EKMMuwlOJynnA","https:\/\/www.facebook.com\/rinceoiri\/"],"logo":{"@type":"ImageObject","inLanguage":"en-GB","@id":"https:\/\/www.rinceoiri.cz\/#\/schema\/logo\/image\/","url":"https:\/\/www.rinceoiri.cz\/wp-content\/uploads\/2020\/06\/Logo-Rince-bez-pozadi_cerne-e1591875742917.png","contentUrl":"https:\/\/www.rinceoiri.cz\/wp-content\/uploads\/2020\/06\/Logo-Rince-bez-pozadi_cerne-e1591875742917.png","width":400,"height":87,"caption":"Rinceoir\u00ed"},"image":{"@id":"https:\/\/www.rinceoiri.cz\/#\/schema\/logo\/image\/"}},{"@type":"Person","@id":"https:\/\/www.rinceoiri.cz\/#\/schema\/person\/0bc32ce63766655bbfc923f9e237dde4","name":"admin","image":{"@type":"ImageObject","inLanguage":"en-GB","@id":"https:\/\/www.rinceoiri.cz\/#\/schema\/person\/image\/","url":"https:\/\/secure.gravatar.com\/avatar\/0d0f6a8b78a849f1d5e9a3d4e07f0478?s=96&d=mm&r=g","contentUrl":"https:\/\/secure.gravatar.com\/avatar\/0d0f6a8b78a849f1d5e9a3d4e07f0478?s=96&d=mm&r=g","caption":"admin"}}]}},"_links":{"self":[{"href":"https:\/\/www.rinceoiri.cz\/en\/wp-json\/wp\/v2\/posts\/625"}],"collection":[{"href":"https:\/\/www.rinceoiri.cz\/en\/wp-json\/wp\/v2\/posts"}],"about":[{"href":"https:\/\/www.rinceoiri.cz\/en\/wp-json\/wp\/v2\/types\/post"}],"author":[{"embeddable":true,"href":"https:\/\/www.rinceoiri.cz\/en\/wp-json\/wp\/v2\/users\/1"}],"replies":[{"embeddable":true,"href":"https:\/\/www.rinceoiri.cz\/en\/wp-json\/wp\/v2\/comments?post=625"}],"version-history":[{"count":1,"href":"https:\/\/www.rinceoiri.cz\/en\/wp-json\/wp\/v2\/posts\/625\/revisions"}],"predecessor-version":[{"id":1051,"href":"https:\/\/www.rinceoiri.cz\/en\/wp-json\/wp\/v2\/posts\/625\/revisions\/1051"}],"wp:attachment":[{"href":"https:\/\/www.rinceoiri.cz\/en\/wp-json\/wp\/v2\/media?parent=625"}],"wp:term":[{"taxonomy":"category","embeddable":true,"href":"https:\/\/www.rinceoiri.cz\/en\/wp-json\/wp\/v2\/categories?post=625"},{"taxonomy":"post_tag","embeddable":true,"href":"https:\/\/www.rinceoiri.cz\/en\/wp-json\/wp\/v2\/tags?post=625"}],"curies":[{"name":"wp","href":"https:\/\/api.w.org\/{rel}","templated":true}]}}