{"id":645,"date":"2017-09-25T12:15:11","date_gmt":"2017-09-25T11:15:11","guid":{"rendered":"http:\/\/www.rinceoiri.cz\/rida\/?p=645"},"modified":"2020-05-30T17:07:06","modified_gmt":"2020-05-30T17:07:06","slug":"oslava-20-let-rinceoiri","status":"publish","type":"post","link":"https:\/\/www.rinceoiri.cz\/en\/aktuality\/oslava-20-let-rinceoiri\/","title":{"rendered":"Oslava 20 let Rinceoir\u00ed"},"content":{"rendered":"<p><span style=\"color: #1d2129;\">Mil\u00ed tane\u010dn\u00edci a p\u0159\u00e1tel\u00e9 irsk\u00e9ho tance, r\u00e1di bychom V\u00e1s pozvali na oslavu 20 let Rinceoir\u00ed, kter\u00e1 se bude konat ve \u010dtvrtek 16.11. od 19:00 v Paspov\u011b s\u00e1le na Sm\u00edchov\u011b (Potrefen\u00e1 Husa na Kn\u00ed\u017eec\u00ed). A na co se m\u016f\u017eete t\u011b\u0161it? Na p\u0159\u00edjemn\u00e9 posezen\u00ed s \u017eivou hudbou a ob\u010derstven\u00edm, tane\u010dn\u00ed vystoupen\u00ed pra\u017esk\u00fdch skupin i s\u00f3list\u016f, spole\u010dn\u00e9 ceil\u00ed a vzpom\u00ednky b\u00fdval\u00fdch \u010dlen\u016f Rinceoir\u00ed. Nezapome\u0148te si tedy zapsat 16.11. do kalend\u00e1\u0159e a dorazit v hojn\u00e9m po\u010dtu. O programu v\u00e1s budeme brzy informovat, p\u0159\u00edpadn\u011b sledujte na\u0161i\u00a0<a title=\"facebookovou ud\u00e1lost\" href=\"https:\/\/www.facebook.com\/events\/319864818485560\/?acontext=%7B%22source%22%3A5%2C%22page_id_source%22%3A119225856799%2C%22action_history%22%3A[%7B%22surface%22%3A%22page%22%2C%22mechanism%22%3A%22main_list%22%2C%22extra_data%22%3A%22%7B%5C%22page_id%5C%22%3A119225856799%2C%5C%22tour_id%5C%22%3Anull%7D%22%7D]%2C%22has_source%22%3Atrue%7D\">facebookovou ud\u00e1lost<\/a>. T\u011b\u0161\u00edme se na V\u00e1s! \ud83d\ude42<\/span><\/p>","protected":false},"excerpt":{"rendered":"<p>Mil\u00ed tane\u010dn\u00edci a p\u0159\u00e1tel\u00e9 irsk\u00e9ho tance, r\u00e1di bychom V\u00e1s pozvali na oslavu 20 let Rinceoir\u00ed, kter\u00e1 se bude konat ve \u010dtvrtek 16.11. od 19:00 v Paspov\u011b s\u00e1le na Sm\u00edchov\u011b (Potrefen\u00e1 Husa na Kn\u00ed\u017eec\u00ed). A na co se m\u016f\u017eete t\u011b\u0161it? Na p\u0159\u00edjemn\u00e9 posezen\u00ed s \u017eivou hudbou a ob\u010derstven\u00edm, tane\u010dn\u00ed vystoupen\u00ed pra\u017esk\u00fdch skupin i s\u00f3list\u016f, spole\u010dn\u00e9 ceil\u00ed [&hellip;]<\/p>","protected":false},"author":1,"featured_media":0,"comment_status":"open","ping_status":"open","sticky":false,"template":"","format":"standard","meta":[],"categories":[9,10],"tags":[],"yoast_head":"<!-- This site is optimized with the Yoast SEO plugin v19.6 - https:\/\/yoast.com\/wordpress\/plugins\/seo\/ -->\n<title>Oslava 20 let Rinceoir\u00ed - Rinceoir\u00ed - klub irsk\u00fdch tanc\u016f<\/title>\n<meta name=\"robots\" content=\"index, follow, max-snippet:-1, max-image-preview:large, max-video-preview:-1\" \/>\n<link rel=\"canonical\" href=\"https:\/\/www.rinceoiri.cz\/en\/aktuality\/oslava-20-let-rinceoiri\/\" \/>\n<meta property=\"og:locale\" content=\"en_GB\" \/>\n<meta property=\"og:type\" content=\"article\" \/>\n<meta property=\"og:title\" content=\"Oslava 20 let Rinceoir\u00ed - Rinceoir\u00ed - klub irsk\u00fdch tanc\u016f\" \/>\n<meta property=\"og:description\" content=\"Mil\u00ed tane\u010dn\u00edci a p\u0159\u00e1tel\u00e9 irsk\u00e9ho tance, r\u00e1di bychom V\u00e1s pozvali na oslavu 20 let Rinceoir\u00ed, kter\u00e1 se bude konat ve \u010dtvrtek 16.11. od 19:00 v Paspov\u011b s\u00e1le na Sm\u00edchov\u011b (Potrefen\u00e1 Husa na Kn\u00ed\u017eec\u00ed). A na co se m\u016f\u017eete t\u011b\u0161it? Na p\u0159\u00edjemn\u00e9 posezen\u00ed s \u017eivou hudbou a ob\u010derstven\u00edm, tane\u010dn\u00ed vystoupen\u00ed pra\u017esk\u00fdch skupin i s\u00f3list\u016f, spole\u010dn\u00e9 ceil\u00ed [&hellip;]\" \/>\n<meta property=\"og:url\" content=\"https:\/\/www.rinceoiri.cz\/en\/aktuality\/oslava-20-let-rinceoiri\/\" \/>\n<meta property=\"og:site_name\" content=\"Rinceoir\u00ed - klub irsk\u00fdch tanc\u016f\" \/>\n<meta property=\"article:publisher\" content=\"https:\/\/www.facebook.com\/rinceoiri\/\" \/>\n<meta property=\"article:published_time\" content=\"2017-09-25T11:15:11+00:00\" \/>\n<meta property=\"article:modified_time\" content=\"2020-05-30T17:07:06+00:00\" \/>\n<meta name=\"author\" content=\"admin\" \/>\n<meta name=\"twitter:card\" content=\"summary_large_image\" \/>\n<meta name=\"twitter:label1\" content=\"Written by\" \/>\n\t<meta name=\"twitter:data1\" content=\"admin\" \/>\n\t<meta name=\"twitter:label2\" content=\"Estimated reading time\" \/>\n\t<meta name=\"twitter:data2\" content=\"1 minute\" \/>\n<script type=\"application\/ld+json\" class=\"yoast-schema-graph\">{\"@context\":\"https:\/\/schema.org\",\"@graph\":[{\"@type\":\"Article\",\"@id\":\"https:\/\/www.rinceoiri.cz\/aktuality\/oslava-20-let-rinceoiri\/#article\",\"isPartOf\":{\"@id\":\"https:\/\/www.rinceoiri.cz\/aktuality\/oslava-20-let-rinceoiri\/\"},\"author\":{\"name\":\"admin\",\"@id\":\"https:\/\/www.rinceoiri.cz\/#\/schema\/person\/0bc32ce63766655bbfc923f9e237dde4\"},\"headline\":\"Oslava 20 let Rinceoir\u00ed\",\"datePublished\":\"2017-09-25T11:15:11+00:00\",\"dateModified\":\"2020-05-30T17:07:06+00:00\",\"mainEntityOfPage\":{\"@id\":\"https:\/\/www.rinceoiri.cz\/aktuality\/oslava-20-let-rinceoiri\/\"},\"wordCount\":118,\"commentCount\":0,\"publisher\":{\"@id\":\"https:\/\/www.rinceoiri.cz\/#organization\"},\"articleSection\":[\"Aktuality\",\"Neza\u0159azen\u00e9\"],\"inLanguage\":\"en-GB\",\"potentialAction\":[{\"@type\":\"CommentAction\",\"name\":\"Comment\",\"target\":[\"https:\/\/www.rinceoiri.cz\/aktuality\/oslava-20-let-rinceoiri\/#respond\"]}]},{\"@type\":\"WebPage\",\"@id\":\"https:\/\/www.rinceoiri.cz\/aktuality\/oslava-20-let-rinceoiri\/\",\"url\":\"https:\/\/www.rinceoiri.cz\/aktuality\/oslava-20-let-rinceoiri\/\",\"name\":\"Oslava 20 let Rinceoir\u00ed - Rinceoir\u00ed - klub irsk\u00fdch tanc\u016f\",\"isPartOf\":{\"@id\":\"https:\/\/www.rinceoiri.cz\/#website\"},\"datePublished\":\"2017-09-25T11:15:11+00:00\",\"dateModified\":\"2020-05-30T17:07:06+00:00\",\"breadcrumb\":{\"@id\":\"https:\/\/www.rinceoiri.cz\/aktuality\/oslava-20-let-rinceoiri\/#breadcrumb\"},\"inLanguage\":\"en-GB\",\"potentialAction\":[{\"@type\":\"ReadAction\",\"target\":[\"https:\/\/www.rinceoiri.cz\/aktuality\/oslava-20-let-rinceoiri\/\"]}]},{\"@type\":\"BreadcrumbList\",\"@id\":\"https:\/\/www.rinceoiri.cz\/aktuality\/oslava-20-let-rinceoiri\/#breadcrumb\",\"itemListElement\":[{\"@type\":\"ListItem\",\"position\":1,\"name\":\"Dom\u016f\",\"item\":\"https:\/\/www.rinceoiri.cz\/\"},{\"@type\":\"ListItem\",\"position\":2,\"name\":\"Oslava 20 let Rinceoir\u00ed\"}]},{\"@type\":\"WebSite\",\"@id\":\"https:\/\/www.rinceoiri.cz\/#website\",\"url\":\"https:\/\/www.rinceoiri.cz\/\",\"name\":\"Rinceoir\u00ed - klub irsk\u00fdch tanc\u016f\",\"description\":\"V\u00fduka irsk\u00fdch tanc\u016f, irsk\u00e9 tance - nab\u00eddka vystoupen\u00ed\",\"publisher\":{\"@id\":\"https:\/\/www.rinceoiri.cz\/#organization\"},\"potentialAction\":[{\"@type\":\"SearchAction\",\"target\":{\"@type\":\"EntryPoint\",\"urlTemplate\":\"https:\/\/www.rinceoiri.cz\/?s={search_term_string}\"},\"query-input\":\"required name=search_term_string\"}],\"inLanguage\":\"en-GB\"},{\"@type\":\"Organization\",\"@id\":\"https:\/\/www.rinceoiri.cz\/#organization\",\"name\":\"Rinceoir\u00ed\",\"url\":\"https:\/\/www.rinceoiri.cz\/\",\"sameAs\":[\"https:\/\/www.instagram.com\/rinceoiri\/\",\"https:\/\/www.youtube.com\/channel\/UCtSffFpv2_EKMMuwlOJynnA\",\"https:\/\/www.facebook.com\/rinceoiri\/\"],\"logo\":{\"@type\":\"ImageObject\",\"inLanguage\":\"en-GB\",\"@id\":\"https:\/\/www.rinceoiri.cz\/#\/schema\/logo\/image\/\",\"url\":\"https:\/\/www.rinceoiri.cz\/wp-content\/uploads\/2020\/06\/Logo-Rince-bez-pozadi_cerne-e1591875742917.png\",\"contentUrl\":\"https:\/\/www.rinceoiri.cz\/wp-content\/uploads\/2020\/06\/Logo-Rince-bez-pozadi_cerne-e1591875742917.png\",\"width\":400,\"height\":87,\"caption\":\"Rinceoir\u00ed\"},\"image\":{\"@id\":\"https:\/\/www.rinceoiri.cz\/#\/schema\/logo\/image\/\"}},{\"@type\":\"Person\",\"@id\":\"https:\/\/www.rinceoiri.cz\/#\/schema\/person\/0bc32ce63766655bbfc923f9e237dde4\",\"name\":\"admin\",\"image\":{\"@type\":\"ImageObject\",\"inLanguage\":\"en-GB\",\"@id\":\"https:\/\/www.rinceoiri.cz\/#\/schema\/person\/image\/\",\"url\":\"https:\/\/secure.gravatar.com\/avatar\/0d0f6a8b78a849f1d5e9a3d4e07f0478?s=96&d=mm&r=g\",\"contentUrl\":\"https:\/\/secure.gravatar.com\/avatar\/0d0f6a8b78a849f1d5e9a3d4e07f0478?s=96&d=mm&r=g\",\"caption\":\"admin\"}}]}<\/script>\n<!-- \/ Yoast SEO plugin. -->","yoast_head_json":{"title":"Oslava 20 let Rinceoir\u00ed - Rinceoir\u00ed - klub irsk\u00fdch tanc\u016f","robots":{"index":"index","follow":"follow","max-snippet":"max-snippet:-1","max-image-preview":"max-image-preview:large","max-video-preview":"max-video-preview:-1"},"canonical":"https:\/\/www.rinceoiri.cz\/en\/aktuality\/oslava-20-let-rinceoiri\/","og_locale":"en_GB","og_type":"article","og_title":"Oslava 20 let Rinceoir\u00ed - Rinceoir\u00ed - klub irsk\u00fdch tanc\u016f","og_description":"Mil\u00ed tane\u010dn\u00edci a p\u0159\u00e1tel\u00e9 irsk\u00e9ho tance, r\u00e1di bychom V\u00e1s pozvali na oslavu 20 let Rinceoir\u00ed, kter\u00e1 se bude konat ve \u010dtvrtek 16.11. od 19:00 v Paspov\u011b s\u00e1le na Sm\u00edchov\u011b (Potrefen\u00e1 Husa na Kn\u00ed\u017eec\u00ed). A na co se m\u016f\u017eete t\u011b\u0161it? Na p\u0159\u00edjemn\u00e9 posezen\u00ed s \u017eivou hudbou a ob\u010derstven\u00edm, tane\u010dn\u00ed vystoupen\u00ed pra\u017esk\u00fdch skupin i s\u00f3list\u016f, spole\u010dn\u00e9 ceil\u00ed [&hellip;]","og_url":"https:\/\/www.rinceoiri.cz\/en\/aktuality\/oslava-20-let-rinceoiri\/","og_site_name":"Rinceoir\u00ed - klub irsk\u00fdch tanc\u016f","article_publisher":"https:\/\/www.facebook.com\/rinceoiri\/","article_published_time":"2017-09-25T11:15:11+00:00","article_modified_time":"2020-05-30T17:07:06+00:00","author":"admin","twitter_card":"summary_large_image","twitter_misc":{"Written by":"admin","Estimated reading time":"1 minute"},"schema":{"@context":"https:\/\/schema.org","@graph":[{"@type":"Article","@id":"https:\/\/www.rinceoiri.cz\/aktuality\/oslava-20-let-rinceoiri\/#article","isPartOf":{"@id":"https:\/\/www.rinceoiri.cz\/aktuality\/oslava-20-let-rinceoiri\/"},"author":{"name":"admin","@id":"https:\/\/www.rinceoiri.cz\/#\/schema\/person\/0bc32ce63766655bbfc923f9e237dde4"},"headline":"Oslava 20 let Rinceoir\u00ed","datePublished":"2017-09-25T11:15:11+00:00","dateModified":"2020-05-30T17:07:06+00:00","mainEntityOfPage":{"@id":"https:\/\/www.rinceoiri.cz\/aktuality\/oslava-20-let-rinceoiri\/"},"wordCount":118,"commentCount":0,"publisher":{"@id":"https:\/\/www.rinceoiri.cz\/#organization"},"articleSection":["Aktuality","Neza\u0159azen\u00e9"],"inLanguage":"en-GB","potentialAction":[{"@type":"CommentAction","name":"Comment","target":["https:\/\/www.rinceoiri.cz\/aktuality\/oslava-20-let-rinceoiri\/#respond"]}]},{"@type":"WebPage","@id":"https:\/\/www.rinceoiri.cz\/aktuality\/oslava-20-let-rinceoiri\/","url":"https:\/\/www.rinceoiri.cz\/aktuality\/oslava-20-let-rinceoiri\/","name":"Oslava 20 let Rinceoir\u00ed - Rinceoir\u00ed - klub irsk\u00fdch tanc\u016f","isPartOf":{"@id":"https:\/\/www.rinceoiri.cz\/#website"},"datePublished":"2017-09-25T11:15:11+00:00","dateModified":"2020-05-30T17:07:06+00:00","breadcrumb":{"@id":"https:\/\/www.rinceoiri.cz\/aktuality\/oslava-20-let-rinceoiri\/#breadcrumb"},"inLanguage":"en-GB","potentialAction":[{"@type":"ReadAction","target":["https:\/\/www.rinceoiri.cz\/aktuality\/oslava-20-let-rinceoiri\/"]}]},{"@type":"BreadcrumbList","@id":"https:\/\/www.rinceoiri.cz\/aktuality\/oslava-20-let-rinceoiri\/#breadcrumb","itemListElement":[{"@type":"ListItem","position":1,"name":"Dom\u016f","item":"https:\/\/www.rinceoiri.cz\/"},{"@type":"ListItem","position":2,"name":"Oslava 20 let Rinceoir\u00ed"}]},{"@type":"WebSite","@id":"https:\/\/www.rinceoiri.cz\/#website","url":"https:\/\/www.rinceoiri.cz\/","name":"Rinceoir\u00ed - klub irsk\u00fdch tanc\u016f","description":"V\u00fduka irsk\u00fdch tanc\u016f, irsk\u00e9 tance - nab\u00eddka vystoupen\u00ed","publisher":{"@id":"https:\/\/www.rinceoiri.cz\/#organization"},"potentialAction":[{"@type":"SearchAction","target":{"@type":"EntryPoint","urlTemplate":"https:\/\/www.rinceoiri.cz\/?s={search_term_string}"},"query-input":"required name=search_term_string"}],"inLanguage":"en-GB"},{"@type":"Organization","@id":"https:\/\/www.rinceoiri.cz\/#organization","name":"Rinceoir\u00ed","url":"https:\/\/www.rinceoiri.cz\/","sameAs":["https:\/\/www.instagram.com\/rinceoiri\/","https:\/\/www.youtube.com\/channel\/UCtSffFpv2_EKMMuwlOJynnA","https:\/\/www.facebook.com\/rinceoiri\/"],"logo":{"@type":"ImageObject","inLanguage":"en-GB","@id":"https:\/\/www.rinceoiri.cz\/#\/schema\/logo\/image\/","url":"https:\/\/www.rinceoiri.cz\/wp-content\/uploads\/2020\/06\/Logo-Rince-bez-pozadi_cerne-e1591875742917.png","contentUrl":"https:\/\/www.rinceoiri.cz\/wp-content\/uploads\/2020\/06\/Logo-Rince-bez-pozadi_cerne-e1591875742917.png","width":400,"height":87,"caption":"Rinceoir\u00ed"},"image":{"@id":"https:\/\/www.rinceoiri.cz\/#\/schema\/logo\/image\/"}},{"@type":"Person","@id":"https:\/\/www.rinceoiri.cz\/#\/schema\/person\/0bc32ce63766655bbfc923f9e237dde4","name":"admin","image":{"@type":"ImageObject","inLanguage":"en-GB","@id":"https:\/\/www.rinceoiri.cz\/#\/schema\/person\/image\/","url":"https:\/\/secure.gravatar.com\/avatar\/0d0f6a8b78a849f1d5e9a3d4e07f0478?s=96&d=mm&r=g","contentUrl":"https:\/\/secure.gravatar.com\/avatar\/0d0f6a8b78a849f1d5e9a3d4e07f0478?s=96&d=mm&r=g","caption":"admin"}}]}},"_links":{"self":[{"href":"https:\/\/www.rinceoiri.cz\/en\/wp-json\/wp\/v2\/posts\/645"}],"collection":[{"href":"https:\/\/www.rinceoiri.cz\/en\/wp-json\/wp\/v2\/posts"}],"about":[{"href":"https:\/\/www.rinceoiri.cz\/en\/wp-json\/wp\/v2\/types\/post"}],"author":[{"embeddable":true,"href":"https:\/\/www.rinceoiri.cz\/en\/wp-json\/wp\/v2\/users\/1"}],"replies":[{"embeddable":true,"href":"https:\/\/www.rinceoiri.cz\/en\/wp-json\/wp\/v2\/comments?post=645"}],"version-history":[{"count":1,"href":"https:\/\/www.rinceoiri.cz\/en\/wp-json\/wp\/v2\/posts\/645\/revisions"}],"predecessor-version":[{"id":1049,"href":"https:\/\/www.rinceoiri.cz\/en\/wp-json\/wp\/v2\/posts\/645\/revisions\/1049"}],"wp:attachment":[{"href":"https:\/\/www.rinceoiri.cz\/en\/wp-json\/wp\/v2\/media?parent=645"}],"wp:term":[{"taxonomy":"category","embeddable":true,"href":"https:\/\/www.rinceoiri.cz\/en\/wp-json\/wp\/v2\/categories?post=645"},{"taxonomy":"post_tag","embeddable":true,"href":"https:\/\/www.rinceoiri.cz\/en\/wp-json\/wp\/v2\/tags?post=645"}],"curies":[{"name":"wp","href":"https:\/\/api.w.org\/{rel}","templated":true}]}}