{"id":665,"date":"2017-11-07T10:34:49","date_gmt":"2017-11-07T09:34:49","guid":{"rendered":"http:\/\/www.rinceoiri.cz\/rida\/?p=665"},"modified":"2020-05-30T17:07:06","modified_gmt":"2020-05-30T17:07:06","slug":"oslava-20-let-rinceoiri-nove-informace","status":"publish","type":"post","link":"https:\/\/www.rinceoiri.cz\/en\/aktuality\/oslava-20-let-rinceoiri-nove-informace\/","title":{"rendered":"Oslava 20 let Rinceoir\u00ed &#8211; nov\u00e9 informace"},"content":{"rendered":"<p>Mil\u00ed tane\u010dn\u00edci, rodi\u010de a p\u0159\u00e1tel\u00e9 irsk\u00e9ho tance,<\/p>\n<p>r\u00e1di bychom V\u00e1s pozvali na Oslavu 20 let Rinceoir\u00ed. Aktu\u00e1ln\u00ed informace m\u016f\u017eete sledovat na na\u0161\u00ed <a title=\"facebookov\u00e9 ud\u00e1losti\" href=\"https:\/\/www.facebook.com\/events\/319864818485560\/335949350210440\/?notif_t=admin_plan_mall_activity&amp;notif_id=1510046525878800\" target=\"_blank\" rel=\"noopener noreferrer\">facebookov\u00e9 ud\u00e1losti<\/a>\u00a0nebo i zde na str\u00e1nk\u00e1ch RIDA. U\u017e jsme vytvo\u0159ili l\u00edstky, cena bude 150,- a zarezervovat si je m\u016f\u017eete na info@rince.cz nebo rovnou zakoupit u lektor\u016f. Budou k dispozici i na m\u00edst\u011b.<\/p>\n<p>T\u011b\u0161\u00edme se na V\u00e1s!<\/p>\n<p><a href=\"http:\/\/www.rinceoiri.cz\/rida\/wp-content\/uploads\/2017\/11\/rinceoiri-slavi-20let-1.jpg\"><img loading=\"lazy\" class=\"alignnone size-medium wp-image-669\" src=\"http:\/\/www.rinceoiri.cz\/rida\/wp-content\/uploads\/2017\/11\/rinceoiri-slavi-20let-1-214x300.jpg\" alt=\"rinceoir\u00ed slav\u00ed 20let (1)\" width=\"214\" height=\"300\" \/><\/a><\/p>","protected":false},"excerpt":{"rendered":"<p>Mil\u00ed tane\u010dn\u00edci, rodi\u010de a p\u0159\u00e1tel\u00e9 irsk\u00e9ho tance, r\u00e1di bychom V\u00e1s pozvali na Oslavu 20 let Rinceoir\u00ed. Aktu\u00e1ln\u00ed informace m\u016f\u017eete sledovat na na\u0161\u00ed facebookov\u00e9 ud\u00e1losti\u00a0nebo i zde na str\u00e1nk\u00e1ch RIDA. U\u017e jsme vytvo\u0159ili l\u00edstky, cena bude 150,- a zarezervovat si je m\u016f\u017eete na info@rince.cz nebo rovnou zakoupit u lektor\u016f. Budou k dispozici i na m\u00edst\u011b. T\u011b\u0161\u00edme [&hellip;]<\/p>","protected":false},"author":1,"featured_media":0,"comment_status":"open","ping_status":"open","sticky":false,"template":"","format":"standard","meta":[],"categories":[9,10],"tags":[],"yoast_head":"<!-- This site is optimized with the Yoast SEO plugin v19.6 - https:\/\/yoast.com\/wordpress\/plugins\/seo\/ -->\n<title>Oslava 20 let Rinceoir\u00ed - nov\u00e9 informace - Rinceoir\u00ed - klub irsk\u00fdch tanc\u016f<\/title>\n<meta name=\"robots\" content=\"index, follow, max-snippet:-1, max-image-preview:large, max-video-preview:-1\" \/>\n<link rel=\"canonical\" href=\"https:\/\/www.rinceoiri.cz\/en\/aktuality\/oslava-20-let-rinceoiri-nove-informace\/\" \/>\n<meta property=\"og:locale\" content=\"en_GB\" \/>\n<meta property=\"og:type\" content=\"article\" \/>\n<meta property=\"og:title\" content=\"Oslava 20 let Rinceoir\u00ed - nov\u00e9 informace - Rinceoir\u00ed - klub irsk\u00fdch tanc\u016f\" \/>\n<meta property=\"og:description\" content=\"Mil\u00ed tane\u010dn\u00edci, rodi\u010de a p\u0159\u00e1tel\u00e9 irsk\u00e9ho tance, r\u00e1di bychom V\u00e1s pozvali na Oslavu 20 let Rinceoir\u00ed. Aktu\u00e1ln\u00ed informace m\u016f\u017eete sledovat na na\u0161\u00ed facebookov\u00e9 ud\u00e1losti\u00a0nebo i zde na str\u00e1nk\u00e1ch RIDA. U\u017e jsme vytvo\u0159ili l\u00edstky, cena bude 150,- a zarezervovat si je m\u016f\u017eete na info@rince.cz nebo rovnou zakoupit u lektor\u016f. Budou k dispozici i na m\u00edst\u011b. T\u011b\u0161\u00edme [&hellip;]\" \/>\n<meta property=\"og:url\" content=\"https:\/\/www.rinceoiri.cz\/en\/aktuality\/oslava-20-let-rinceoiri-nove-informace\/\" \/>\n<meta property=\"og:site_name\" content=\"Rinceoir\u00ed - klub irsk\u00fdch tanc\u016f\" \/>\n<meta property=\"article:publisher\" content=\"https:\/\/www.facebook.com\/rinceoiri\/\" \/>\n<meta property=\"article:published_time\" content=\"2017-11-07T09:34:49+00:00\" \/>\n<meta property=\"article:modified_time\" content=\"2020-05-30T17:07:06+00:00\" \/>\n<meta property=\"og:image\" content=\"http:\/\/www.rinceoiri.cz\/rida\/wp-content\/uploads\/2017\/11\/rinceoiri-slavi-20let-1-214x300.jpg\" \/>\n<meta name=\"author\" content=\"admin\" \/>\n<meta name=\"twitter:card\" content=\"summary_large_image\" \/>\n<meta name=\"twitter:label1\" content=\"Written by\" \/>\n\t<meta name=\"twitter:data1\" content=\"admin\" \/>\n<script type=\"application\/ld+json\" class=\"yoast-schema-graph\">{\"@context\":\"https:\/\/schema.org\",\"@graph\":[{\"@type\":\"Article\",\"@id\":\"https:\/\/www.rinceoiri.cz\/aktuality\/oslava-20-let-rinceoiri-nove-informace\/#article\",\"isPartOf\":{\"@id\":\"https:\/\/www.rinceoiri.cz\/aktuality\/oslava-20-let-rinceoiri-nove-informace\/\"},\"author\":{\"name\":\"admin\",\"@id\":\"https:\/\/www.rinceoiri.cz\/#\/schema\/person\/0bc32ce63766655bbfc923f9e237dde4\"},\"headline\":\"Oslava 20 let Rinceoir\u00ed &#8211; nov\u00e9 informace\",\"datePublished\":\"2017-11-07T09:34:49+00:00\",\"dateModified\":\"2020-05-30T17:07:06+00:00\",\"mainEntityOfPage\":{\"@id\":\"https:\/\/www.rinceoiri.cz\/aktuality\/oslava-20-let-rinceoiri-nove-informace\/\"},\"wordCount\":84,\"commentCount\":0,\"publisher\":{\"@id\":\"https:\/\/www.rinceoiri.cz\/#organization\"},\"articleSection\":[\"Aktuality\",\"Neza\u0159azen\u00e9\"],\"inLanguage\":\"en-GB\",\"potentialAction\":[{\"@type\":\"CommentAction\",\"name\":\"Comment\",\"target\":[\"https:\/\/www.rinceoiri.cz\/aktuality\/oslava-20-let-rinceoiri-nove-informace\/#respond\"]}]},{\"@type\":\"WebPage\",\"@id\":\"https:\/\/www.rinceoiri.cz\/aktuality\/oslava-20-let-rinceoiri-nove-informace\/\",\"url\":\"https:\/\/www.rinceoiri.cz\/aktuality\/oslava-20-let-rinceoiri-nove-informace\/\",\"name\":\"Oslava 20 let Rinceoir\u00ed - nov\u00e9 informace - Rinceoir\u00ed - klub irsk\u00fdch tanc\u016f\",\"isPartOf\":{\"@id\":\"https:\/\/www.rinceoiri.cz\/#website\"},\"datePublished\":\"2017-11-07T09:34:49+00:00\",\"dateModified\":\"2020-05-30T17:07:06+00:00\",\"breadcrumb\":{\"@id\":\"https:\/\/www.rinceoiri.cz\/aktuality\/oslava-20-let-rinceoiri-nove-informace\/#breadcrumb\"},\"inLanguage\":\"en-GB\",\"potentialAction\":[{\"@type\":\"ReadAction\",\"target\":[\"https:\/\/www.rinceoiri.cz\/aktuality\/oslava-20-let-rinceoiri-nove-informace\/\"]}]},{\"@type\":\"BreadcrumbList\",\"@id\":\"https:\/\/www.rinceoiri.cz\/aktuality\/oslava-20-let-rinceoiri-nove-informace\/#breadcrumb\",\"itemListElement\":[{\"@type\":\"ListItem\",\"position\":1,\"name\":\"Dom\u016f\",\"item\":\"https:\/\/www.rinceoiri.cz\/\"},{\"@type\":\"ListItem\",\"position\":2,\"name\":\"Oslava 20 let Rinceoir\u00ed &#8211; nov\u00e9 informace\"}]},{\"@type\":\"WebSite\",\"@id\":\"https:\/\/www.rinceoiri.cz\/#website\",\"url\":\"https:\/\/www.rinceoiri.cz\/\",\"name\":\"Rinceoir\u00ed - klub irsk\u00fdch tanc\u016f\",\"description\":\"V\u00fduka irsk\u00fdch tanc\u016f, irsk\u00e9 tance - nab\u00eddka vystoupen\u00ed\",\"publisher\":{\"@id\":\"https:\/\/www.rinceoiri.cz\/#organization\"},\"potentialAction\":[{\"@type\":\"SearchAction\",\"target\":{\"@type\":\"EntryPoint\",\"urlTemplate\":\"https:\/\/www.rinceoiri.cz\/?s={search_term_string}\"},\"query-input\":\"required name=search_term_string\"}],\"inLanguage\":\"en-GB\"},{\"@type\":\"Organization\",\"@id\":\"https:\/\/www.rinceoiri.cz\/#organization\",\"name\":\"Rinceoir\u00ed\",\"url\":\"https:\/\/www.rinceoiri.cz\/\",\"sameAs\":[\"https:\/\/www.instagram.com\/rinceoiri\/\",\"https:\/\/www.youtube.com\/channel\/UCtSffFpv2_EKMMuwlOJynnA\",\"https:\/\/www.facebook.com\/rinceoiri\/\"],\"logo\":{\"@type\":\"ImageObject\",\"inLanguage\":\"en-GB\",\"@id\":\"https:\/\/www.rinceoiri.cz\/#\/schema\/logo\/image\/\",\"url\":\"https:\/\/www.rinceoiri.cz\/wp-content\/uploads\/2020\/06\/Logo-Rince-bez-pozadi_cerne-e1591875742917.png\",\"contentUrl\":\"https:\/\/www.rinceoiri.cz\/wp-content\/uploads\/2020\/06\/Logo-Rince-bez-pozadi_cerne-e1591875742917.png\",\"width\":400,\"height\":87,\"caption\":\"Rinceoir\u00ed\"},\"image\":{\"@id\":\"https:\/\/www.rinceoiri.cz\/#\/schema\/logo\/image\/\"}},{\"@type\":\"Person\",\"@id\":\"https:\/\/www.rinceoiri.cz\/#\/schema\/person\/0bc32ce63766655bbfc923f9e237dde4\",\"name\":\"admin\",\"image\":{\"@type\":\"ImageObject\",\"inLanguage\":\"en-GB\",\"@id\":\"https:\/\/www.rinceoiri.cz\/#\/schema\/person\/image\/\",\"url\":\"https:\/\/secure.gravatar.com\/avatar\/0d0f6a8b78a849f1d5e9a3d4e07f0478?s=96&d=mm&r=g\",\"contentUrl\":\"https:\/\/secure.gravatar.com\/avatar\/0d0f6a8b78a849f1d5e9a3d4e07f0478?s=96&d=mm&r=g\",\"caption\":\"admin\"}}]}<\/script>\n<!-- \/ Yoast SEO plugin. -->","yoast_head_json":{"title":"Oslava 20 let Rinceoir\u00ed - nov\u00e9 informace - Rinceoir\u00ed - klub irsk\u00fdch tanc\u016f","robots":{"index":"index","follow":"follow","max-snippet":"max-snippet:-1","max-image-preview":"max-image-preview:large","max-video-preview":"max-video-preview:-1"},"canonical":"https:\/\/www.rinceoiri.cz\/en\/aktuality\/oslava-20-let-rinceoiri-nove-informace\/","og_locale":"en_GB","og_type":"article","og_title":"Oslava 20 let Rinceoir\u00ed - nov\u00e9 informace - Rinceoir\u00ed - klub irsk\u00fdch tanc\u016f","og_description":"Mil\u00ed tane\u010dn\u00edci, rodi\u010de a p\u0159\u00e1tel\u00e9 irsk\u00e9ho tance, r\u00e1di bychom V\u00e1s pozvali na Oslavu 20 let Rinceoir\u00ed. Aktu\u00e1ln\u00ed informace m\u016f\u017eete sledovat na na\u0161\u00ed facebookov\u00e9 ud\u00e1losti\u00a0nebo i zde na str\u00e1nk\u00e1ch RIDA. U\u017e jsme vytvo\u0159ili l\u00edstky, cena bude 150,- a zarezervovat si je m\u016f\u017eete na info@rince.cz nebo rovnou zakoupit u lektor\u016f. Budou k dispozici i na m\u00edst\u011b. T\u011b\u0161\u00edme [&hellip;]","og_url":"https:\/\/www.rinceoiri.cz\/en\/aktuality\/oslava-20-let-rinceoiri-nove-informace\/","og_site_name":"Rinceoir\u00ed - klub irsk\u00fdch tanc\u016f","article_publisher":"https:\/\/www.facebook.com\/rinceoiri\/","article_published_time":"2017-11-07T09:34:49+00:00","article_modified_time":"2020-05-30T17:07:06+00:00","og_image":[{"url":"http:\/\/www.rinceoiri.cz\/rida\/wp-content\/uploads\/2017\/11\/rinceoiri-slavi-20let-1-214x300.jpg"}],"author":"admin","twitter_card":"summary_large_image","twitter_misc":{"Written by":"admin"},"schema":{"@context":"https:\/\/schema.org","@graph":[{"@type":"Article","@id":"https:\/\/www.rinceoiri.cz\/aktuality\/oslava-20-let-rinceoiri-nove-informace\/#article","isPartOf":{"@id":"https:\/\/www.rinceoiri.cz\/aktuality\/oslava-20-let-rinceoiri-nove-informace\/"},"author":{"name":"admin","@id":"https:\/\/www.rinceoiri.cz\/#\/schema\/person\/0bc32ce63766655bbfc923f9e237dde4"},"headline":"Oslava 20 let Rinceoir\u00ed &#8211; nov\u00e9 informace","datePublished":"2017-11-07T09:34:49+00:00","dateModified":"2020-05-30T17:07:06+00:00","mainEntityOfPage":{"@id":"https:\/\/www.rinceoiri.cz\/aktuality\/oslava-20-let-rinceoiri-nove-informace\/"},"wordCount":84,"commentCount":0,"publisher":{"@id":"https:\/\/www.rinceoiri.cz\/#organization"},"articleSection":["Aktuality","Neza\u0159azen\u00e9"],"inLanguage":"en-GB","potentialAction":[{"@type":"CommentAction","name":"Comment","target":["https:\/\/www.rinceoiri.cz\/aktuality\/oslava-20-let-rinceoiri-nove-informace\/#respond"]}]},{"@type":"WebPage","@id":"https:\/\/www.rinceoiri.cz\/aktuality\/oslava-20-let-rinceoiri-nove-informace\/","url":"https:\/\/www.rinceoiri.cz\/aktuality\/oslava-20-let-rinceoiri-nove-informace\/","name":"Oslava 20 let Rinceoir\u00ed - nov\u00e9 informace - Rinceoir\u00ed - klub irsk\u00fdch tanc\u016f","isPartOf":{"@id":"https:\/\/www.rinceoiri.cz\/#website"},"datePublished":"2017-11-07T09:34:49+00:00","dateModified":"2020-05-30T17:07:06+00:00","breadcrumb":{"@id":"https:\/\/www.rinceoiri.cz\/aktuality\/oslava-20-let-rinceoiri-nove-informace\/#breadcrumb"},"inLanguage":"en-GB","potentialAction":[{"@type":"ReadAction","target":["https:\/\/www.rinceoiri.cz\/aktuality\/oslava-20-let-rinceoiri-nove-informace\/"]}]},{"@type":"BreadcrumbList","@id":"https:\/\/www.rinceoiri.cz\/aktuality\/oslava-20-let-rinceoiri-nove-informace\/#breadcrumb","itemListElement":[{"@type":"ListItem","position":1,"name":"Dom\u016f","item":"https:\/\/www.rinceoiri.cz\/"},{"@type":"ListItem","position":2,"name":"Oslava 20 let Rinceoir\u00ed &#8211; nov\u00e9 informace"}]},{"@type":"WebSite","@id":"https:\/\/www.rinceoiri.cz\/#website","url":"https:\/\/www.rinceoiri.cz\/","name":"Rinceoir\u00ed - klub irsk\u00fdch tanc\u016f","description":"V\u00fduka irsk\u00fdch tanc\u016f, irsk\u00e9 tance - nab\u00eddka vystoupen\u00ed","publisher":{"@id":"https:\/\/www.rinceoiri.cz\/#organization"},"potentialAction":[{"@type":"SearchAction","target":{"@type":"EntryPoint","urlTemplate":"https:\/\/www.rinceoiri.cz\/?s={search_term_string}"},"query-input":"required name=search_term_string"}],"inLanguage":"en-GB"},{"@type":"Organization","@id":"https:\/\/www.rinceoiri.cz\/#organization","name":"Rinceoir\u00ed","url":"https:\/\/www.rinceoiri.cz\/","sameAs":["https:\/\/www.instagram.com\/rinceoiri\/","https:\/\/www.youtube.com\/channel\/UCtSffFpv2_EKMMuwlOJynnA","https:\/\/www.facebook.com\/rinceoiri\/"],"logo":{"@type":"ImageObject","inLanguage":"en-GB","@id":"https:\/\/www.rinceoiri.cz\/#\/schema\/logo\/image\/","url":"https:\/\/www.rinceoiri.cz\/wp-content\/uploads\/2020\/06\/Logo-Rince-bez-pozadi_cerne-e1591875742917.png","contentUrl":"https:\/\/www.rinceoiri.cz\/wp-content\/uploads\/2020\/06\/Logo-Rince-bez-pozadi_cerne-e1591875742917.png","width":400,"height":87,"caption":"Rinceoir\u00ed"},"image":{"@id":"https:\/\/www.rinceoiri.cz\/#\/schema\/logo\/image\/"}},{"@type":"Person","@id":"https:\/\/www.rinceoiri.cz\/#\/schema\/person\/0bc32ce63766655bbfc923f9e237dde4","name":"admin","image":{"@type":"ImageObject","inLanguage":"en-GB","@id":"https:\/\/www.rinceoiri.cz\/#\/schema\/person\/image\/","url":"https:\/\/secure.gravatar.com\/avatar\/0d0f6a8b78a849f1d5e9a3d4e07f0478?s=96&d=mm&r=g","contentUrl":"https:\/\/secure.gravatar.com\/avatar\/0d0f6a8b78a849f1d5e9a3d4e07f0478?s=96&d=mm&r=g","caption":"admin"}}]}},"_links":{"self":[{"href":"https:\/\/www.rinceoiri.cz\/en\/wp-json\/wp\/v2\/posts\/665"}],"collection":[{"href":"https:\/\/www.rinceoiri.cz\/en\/wp-json\/wp\/v2\/posts"}],"about":[{"href":"https:\/\/www.rinceoiri.cz\/en\/wp-json\/wp\/v2\/types\/post"}],"author":[{"embeddable":true,"href":"https:\/\/www.rinceoiri.cz\/en\/wp-json\/wp\/v2\/users\/1"}],"replies":[{"embeddable":true,"href":"https:\/\/www.rinceoiri.cz\/en\/wp-json\/wp\/v2\/comments?post=665"}],"version-history":[{"count":1,"href":"https:\/\/www.rinceoiri.cz\/en\/wp-json\/wp\/v2\/posts\/665\/revisions"}],"predecessor-version":[{"id":1044,"href":"https:\/\/www.rinceoiri.cz\/en\/wp-json\/wp\/v2\/posts\/665\/revisions\/1044"}],"wp:attachment":[{"href":"https:\/\/www.rinceoiri.cz\/en\/wp-json\/wp\/v2\/media?parent=665"}],"wp:term":[{"taxonomy":"category","embeddable":true,"href":"https:\/\/www.rinceoiri.cz\/en\/wp-json\/wp\/v2\/categories?post=665"},{"taxonomy":"post_tag","embeddable":true,"href":"https:\/\/www.rinceoiri.cz\/en\/wp-json\/wp\/v2\/tags?post=665"}],"curies":[{"name":"wp","href":"https:\/\/api.w.org\/{rel}","templated":true}]}}