{"id":696,"date":"2017-04-03T13:36:51","date_gmt":"2017-04-03T12:36:51","guid":{"rendered":"http:\/\/www.rinceoiri.cz\/rida\/?p=696"},"modified":"2020-05-30T17:07:07","modified_gmt":"2020-05-30T17:07:07","slug":"velikonocni-bratislava","status":"publish","type":"post","link":"https:\/\/www.rinceoiri.cz\/en\/aktuality\/velikonocni-bratislava\/","title":{"rendered":"Velikono\u010dn\u00ed Bratislava"},"content":{"rendered":"<p>Velikono\u010dn\u00ed Bratislava<\/p>\n<p>O v\u00edkendu 1. a 2. 4. jsme se z\u00fa\u010dastnili Bratislavsk\u00e9ho velikono\u010dn\u00edho feise. Je to obl\u00edben\u00fd feis mezi tane\u010dn\u00edky RIDA hlavn\u011b d\u00edky sv\u00e9 poloze. Je to po Praze asi nejbli\u017e\u0161\u00ed sout\u011b\u017e, a tak jsme i na t\u00e9to sout\u011b\u017ei m\u011bli zastoupen\u00ed. A dom\u016f jsme si odvezli opravdu hodn\u011b trofej\u00ed. Z\u00a0d\u011bt\u00ed bychom r\u00e1di pogratulovali Eli\u0161ce Sk\u00e1lov\u00e9 k\u00a0jej\u00edm prvn\u00edm m\u00edst\u016fm a k\u00a0postupu Nat\u00e1lce Jaro\u0161ov\u00e9, Martince Weigrichtov\u00e9 a Kiki Ferencov\u00e9. D\u00e1le bychom pak r\u00e1di ocenili v\u00fdkon Ji\u0159inky Jaro\u0161ov\u00e9, Eli\u0161ky Kub\u00e1tov\u00e9, Mark\u00e9ty Jindrov\u00e9 a Pavla Vernera.<\/p>\n<p>Ani v\u00a0pokro\u010dil\u00fdch kategori\u00edch jsme nezah\u00e1leli a po na\u0161em vystoupen\u00ed p\u0159ipraven\u00e9 poh\u00e1rky zna\u010dn\u011b pro\u0159\u00eddly. Gratulujeme T\u00fdn\u011b Bundilov\u00e9 k\u00a0prvn\u00edmu m\u00edstu a Kiki Adamcov\u00e9 k\u00a0postupu do kategorie open. A na z\u00e1v\u011br je\u0161t\u011b \u00fasp\u011bchy na\u0161ich nejzku\u0161en\u011bj\u0161\u00edch tane\u010dnic, kter\u00e9 se \u00fa\u010dastnily open \u0161ampion\u00e1tu: S\u00e1ra Slav\u00ed\u010dkov\u00e1 v\u00a0Bratislav\u011b obh\u00e1jila sv\u00e9 lo\u0148sk\u00e9 prvn\u00ed m\u00edsto, Maru\u0161ka Sta\u0148kov\u00e1 si vybojovala druh\u00e9 a M\u00ed\u0161a Srbov\u00e1 p\u00e1t\u00e9. Tak\u00e9 bychom cht\u011bli pogratulovat Blance Navr\u00e1tilov\u00e9 za kr\u00e1sn\u011b odtan\u010den\u00fd prvn\u00ed \u0161ampion\u00e1t. P\u0159ejeme hodn\u011b \u00fasp\u011bch\u016f do budoucna!<\/p>\n<p><a href=\"http:\/\/www.rinceoiri.cz\/rida\/wp-content\/uploads\/2017\/04\/17637076_10155216434481800_2554810429005946623_o.jpg\"><img loading=\"lazy\" class=\"aligncenter size-thumbnail wp-image-735\" src=\"http:\/\/www.rinceoiri.cz\/rida\/wp-content\/uploads\/2017\/04\/17637076_10155216434481800_2554810429005946623_o-150x150.jpg\" alt=\"17637076_10155216434481800_2554810429005946623_o\" width=\"150\" height=\"150\" \/><\/a> <a href=\"http:\/\/www.rinceoiri.cz\/rida\/wp-content\/uploads\/2017\/04\/17637021_10155216425931800_3698852761456653940_o.jpg\"><img loading=\"lazy\" class=\"aligncenter size-thumbnail wp-image-734\" src=\"http:\/\/www.rinceoiri.cz\/rida\/wp-content\/uploads\/2017\/04\/17637021_10155216425931800_3698852761456653940_o-150x150.jpg\" alt=\"17637021_10155216425931800_3698852761456653940_o\" width=\"150\" height=\"150\" \/><\/a> <a href=\"http:\/\/www.rinceoiri.cz\/rida\/wp-content\/uploads\/2017\/04\/17620379_10155216424296800_8848676273510191913_o.jpg\"><img loading=\"lazy\" class=\"aligncenter size-medium wp-image-733\" src=\"http:\/\/www.rinceoiri.cz\/rida\/wp-content\/uploads\/2017\/04\/17620379_10155216424296800_8848676273510191913_o-300x199.jpg\" alt=\"17620379_10155216424296800_8848676273510191913_o\" width=\"300\" height=\"199\" \/><\/a> <a href=\"http:\/\/www.rinceoiri.cz\/rida\/wp-content\/uploads\/2017\/04\/17620279_10155216423906800_197607142461839414_o.jpg\"><img loading=\"lazy\" class=\"aligncenter size-thumbnail wp-image-732\" src=\"http:\/\/www.rinceoiri.cz\/rida\/wp-content\/uploads\/2017\/04\/17620279_10155216423906800_197607142461839414_o-150x150.jpg\" alt=\"17620279_10155216423906800_197607142461839414_o\" width=\"150\" height=\"150\" \/><\/a> <a href=\"http:\/\/www.rinceoiri.cz\/rida\/wp-content\/uploads\/2017\/04\/17492856_10155216426691800_1110328364960784826_o.jpg\"><img loading=\"lazy\" class=\"aligncenter size-thumbnail wp-image-731\" src=\"http:\/\/www.rinceoiri.cz\/rida\/wp-content\/uploads\/2017\/04\/17492856_10155216426691800_1110328364960784826_o-150x150.jpg\" alt=\"17492856_10155216426691800_1110328364960784826_o\" width=\"150\" height=\"150\" \/><\/a> <a href=\"http:\/\/www.rinceoiri.cz\/rida\/wp-content\/uploads\/2017\/04\/17761176_10155216425996800_2941455989571304723_o.jpg\"><img loading=\"lazy\" class=\"aligncenter size-thumbnail wp-image-730\" src=\"http:\/\/www.rinceoiri.cz\/rida\/wp-content\/uploads\/2017\/04\/17761176_10155216425996800_2941455989571304723_o-150x150.jpg\" alt=\"17761176_10155216425996800_2941455989571304723_o\" width=\"150\" height=\"150\" \/><\/a> <a href=\"http:\/\/www.rinceoiri.cz\/rida\/wp-content\/uploads\/2017\/04\/17758205_10155216434591800_7873868272508816677_o.jpg\"><img loading=\"lazy\" class=\"aligncenter size-thumbnail wp-image-728\" src=\"http:\/\/www.rinceoiri.cz\/rida\/wp-content\/uploads\/2017\/04\/17758205_10155216434591800_7873868272508816677_o-150x150.jpg\" alt=\"17758205_10155216434591800_7873868272508816677_o\" width=\"150\" height=\"150\" \/><\/a> <a href=\"http:\/\/www.rinceoiri.cz\/rida\/wp-content\/uploads\/2017\/04\/17758506_10155216426341800_3448498055753386652_o.jpg\"><img loading=\"lazy\" class=\"aligncenter wp-image-729 size-medium\" src=\"http:\/\/www.rinceoiri.cz\/rida\/wp-content\/uploads\/2017\/04\/17758506_10155216426341800_3448498055753386652_o-300x199.jpg\" alt=\"17758506_10155216426341800_3448498055753386652_o\" width=\"300\" height=\"199\" \/><\/a><\/p>","protected":false},"excerpt":{"rendered":"<p>Velikono\u010dn\u00ed Bratislava O v\u00edkendu 1. a 2. 4. jsme se z\u00fa\u010dastnili Bratislavsk\u00e9ho velikono\u010dn\u00edho feise. Je to obl\u00edben\u00fd feis mezi tane\u010dn\u00edky RIDA hlavn\u011b d\u00edky sv\u00e9 poloze. Je to po Praze asi nejbli\u017e\u0161\u00ed sout\u011b\u017e, a tak jsme i na t\u00e9to sout\u011b\u017ei m\u011bli zastoupen\u00ed. A dom\u016f jsme si odvezli opravdu hodn\u011b trofej\u00ed. Z\u00a0d\u011bt\u00ed bychom r\u00e1di pogratulovali Eli\u0161ce Sk\u00e1lov\u00e9 [&hellip;]<\/p>","protected":false},"author":1,"featured_media":0,"comment_status":"open","ping_status":"open","sticky":false,"template":"","format":"standard","meta":[],"categories":[9,10],"tags":[],"yoast_head":"<!-- This site is optimized with the Yoast SEO plugin v19.6 - https:\/\/yoast.com\/wordpress\/plugins\/seo\/ -->\n<title>Velikono\u010dn\u00ed Bratislava - Rinceoir\u00ed - klub irsk\u00fdch tanc\u016f<\/title>\n<meta name=\"robots\" content=\"index, follow, max-snippet:-1, max-image-preview:large, max-video-preview:-1\" \/>\n<link rel=\"canonical\" href=\"https:\/\/www.rinceoiri.cz\/en\/aktuality\/velikonocni-bratislava\/\" \/>\n<meta property=\"og:locale\" content=\"en_GB\" \/>\n<meta property=\"og:type\" content=\"article\" \/>\n<meta property=\"og:title\" content=\"Velikono\u010dn\u00ed Bratislava - Rinceoir\u00ed - klub irsk\u00fdch tanc\u016f\" \/>\n<meta property=\"og:description\" content=\"Velikono\u010dn\u00ed Bratislava O v\u00edkendu 1. a 2. 4. jsme se z\u00fa\u010dastnili Bratislavsk\u00e9ho velikono\u010dn\u00edho feise. Je to obl\u00edben\u00fd feis mezi tane\u010dn\u00edky RIDA hlavn\u011b d\u00edky sv\u00e9 poloze. Je to po Praze asi nejbli\u017e\u0161\u00ed sout\u011b\u017e, a tak jsme i na t\u00e9to sout\u011b\u017ei m\u011bli zastoupen\u00ed. A dom\u016f jsme si odvezli opravdu hodn\u011b trofej\u00ed. Z\u00a0d\u011bt\u00ed bychom r\u00e1di pogratulovali Eli\u0161ce Sk\u00e1lov\u00e9 [&hellip;]\" \/>\n<meta property=\"og:url\" content=\"https:\/\/www.rinceoiri.cz\/en\/aktuality\/velikonocni-bratislava\/\" \/>\n<meta property=\"og:site_name\" content=\"Rinceoir\u00ed - klub irsk\u00fdch tanc\u016f\" \/>\n<meta property=\"article:publisher\" content=\"https:\/\/www.facebook.com\/rinceoiri\/\" \/>\n<meta property=\"article:published_time\" content=\"2017-04-03T12:36:51+00:00\" \/>\n<meta property=\"article:modified_time\" content=\"2020-05-30T17:07:07+00:00\" \/>\n<meta property=\"og:image\" content=\"http:\/\/www.rinceoiri.cz\/rida\/wp-content\/uploads\/2017\/04\/17637076_10155216434481800_2554810429005946623_o-150x150.jpg\" \/>\n<meta name=\"author\" content=\"admin\" \/>\n<meta name=\"twitter:card\" content=\"summary_large_image\" \/>\n<meta name=\"twitter:label1\" content=\"Written by\" \/>\n\t<meta name=\"twitter:data1\" content=\"admin\" \/>\n\t<meta name=\"twitter:label2\" content=\"Estimated reading time\" \/>\n\t<meta name=\"twitter:data2\" content=\"1 minute\" \/>\n<script type=\"application\/ld+json\" class=\"yoast-schema-graph\">{\"@context\":\"https:\/\/schema.org\",\"@graph\":[{\"@type\":\"Article\",\"@id\":\"https:\/\/www.rinceoiri.cz\/aktuality\/velikonocni-bratislava\/#article\",\"isPartOf\":{\"@id\":\"https:\/\/www.rinceoiri.cz\/aktuality\/velikonocni-bratislava\/\"},\"author\":{\"name\":\"admin\",\"@id\":\"https:\/\/www.rinceoiri.cz\/#\/schema\/person\/0bc32ce63766655bbfc923f9e237dde4\"},\"headline\":\"Velikono\u010dn\u00ed Bratislava\",\"datePublished\":\"2017-04-03T12:36:51+00:00\",\"dateModified\":\"2020-05-30T17:07:07+00:00\",\"mainEntityOfPage\":{\"@id\":\"https:\/\/www.rinceoiri.cz\/aktuality\/velikonocni-bratislava\/\"},\"wordCount\":229,\"commentCount\":0,\"publisher\":{\"@id\":\"https:\/\/www.rinceoiri.cz\/#organization\"},\"articleSection\":[\"Aktuality\",\"Neza\u0159azen\u00e9\"],\"inLanguage\":\"en-GB\",\"potentialAction\":[{\"@type\":\"CommentAction\",\"name\":\"Comment\",\"target\":[\"https:\/\/www.rinceoiri.cz\/aktuality\/velikonocni-bratislava\/#respond\"]}]},{\"@type\":\"WebPage\",\"@id\":\"https:\/\/www.rinceoiri.cz\/aktuality\/velikonocni-bratislava\/\",\"url\":\"https:\/\/www.rinceoiri.cz\/aktuality\/velikonocni-bratislava\/\",\"name\":\"Velikono\u010dn\u00ed Bratislava - Rinceoir\u00ed - klub irsk\u00fdch tanc\u016f\",\"isPartOf\":{\"@id\":\"https:\/\/www.rinceoiri.cz\/#website\"},\"datePublished\":\"2017-04-03T12:36:51+00:00\",\"dateModified\":\"2020-05-30T17:07:07+00:00\",\"breadcrumb\":{\"@id\":\"https:\/\/www.rinceoiri.cz\/aktuality\/velikonocni-bratislava\/#breadcrumb\"},\"inLanguage\":\"en-GB\",\"potentialAction\":[{\"@type\":\"ReadAction\",\"target\":[\"https:\/\/www.rinceoiri.cz\/aktuality\/velikonocni-bratislava\/\"]}]},{\"@type\":\"BreadcrumbList\",\"@id\":\"https:\/\/www.rinceoiri.cz\/aktuality\/velikonocni-bratislava\/#breadcrumb\",\"itemListElement\":[{\"@type\":\"ListItem\",\"position\":1,\"name\":\"Dom\u016f\",\"item\":\"https:\/\/www.rinceoiri.cz\/\"},{\"@type\":\"ListItem\",\"position\":2,\"name\":\"Velikono\u010dn\u00ed Bratislava\"}]},{\"@type\":\"WebSite\",\"@id\":\"https:\/\/www.rinceoiri.cz\/#website\",\"url\":\"https:\/\/www.rinceoiri.cz\/\",\"name\":\"Rinceoir\u00ed - klub irsk\u00fdch tanc\u016f\",\"description\":\"V\u00fduka irsk\u00fdch tanc\u016f, irsk\u00e9 tance - nab\u00eddka vystoupen\u00ed\",\"publisher\":{\"@id\":\"https:\/\/www.rinceoiri.cz\/#organization\"},\"potentialAction\":[{\"@type\":\"SearchAction\",\"target\":{\"@type\":\"EntryPoint\",\"urlTemplate\":\"https:\/\/www.rinceoiri.cz\/?s={search_term_string}\"},\"query-input\":\"required name=search_term_string\"}],\"inLanguage\":\"en-GB\"},{\"@type\":\"Organization\",\"@id\":\"https:\/\/www.rinceoiri.cz\/#organization\",\"name\":\"Rinceoir\u00ed\",\"url\":\"https:\/\/www.rinceoiri.cz\/\",\"sameAs\":[\"https:\/\/www.instagram.com\/rinceoiri\/\",\"https:\/\/www.youtube.com\/channel\/UCtSffFpv2_EKMMuwlOJynnA\",\"https:\/\/www.facebook.com\/rinceoiri\/\"],\"logo\":{\"@type\":\"ImageObject\",\"inLanguage\":\"en-GB\",\"@id\":\"https:\/\/www.rinceoiri.cz\/#\/schema\/logo\/image\/\",\"url\":\"https:\/\/www.rinceoiri.cz\/wp-content\/uploads\/2020\/06\/Logo-Rince-bez-pozadi_cerne-e1591875742917.png\",\"contentUrl\":\"https:\/\/www.rinceoiri.cz\/wp-content\/uploads\/2020\/06\/Logo-Rince-bez-pozadi_cerne-e1591875742917.png\",\"width\":400,\"height\":87,\"caption\":\"Rinceoir\u00ed\"},\"image\":{\"@id\":\"https:\/\/www.rinceoiri.cz\/#\/schema\/logo\/image\/\"}},{\"@type\":\"Person\",\"@id\":\"https:\/\/www.rinceoiri.cz\/#\/schema\/person\/0bc32ce63766655bbfc923f9e237dde4\",\"name\":\"admin\",\"image\":{\"@type\":\"ImageObject\",\"inLanguage\":\"en-GB\",\"@id\":\"https:\/\/www.rinceoiri.cz\/#\/schema\/person\/image\/\",\"url\":\"https:\/\/secure.gravatar.com\/avatar\/0d0f6a8b78a849f1d5e9a3d4e07f0478?s=96&d=mm&r=g\",\"contentUrl\":\"https:\/\/secure.gravatar.com\/avatar\/0d0f6a8b78a849f1d5e9a3d4e07f0478?s=96&d=mm&r=g\",\"caption\":\"admin\"}}]}<\/script>\n<!-- \/ Yoast SEO plugin. -->","yoast_head_json":{"title":"Velikono\u010dn\u00ed Bratislava - Rinceoir\u00ed - klub irsk\u00fdch tanc\u016f","robots":{"index":"index","follow":"follow","max-snippet":"max-snippet:-1","max-image-preview":"max-image-preview:large","max-video-preview":"max-video-preview:-1"},"canonical":"https:\/\/www.rinceoiri.cz\/en\/aktuality\/velikonocni-bratislava\/","og_locale":"en_GB","og_type":"article","og_title":"Velikono\u010dn\u00ed Bratislava - Rinceoir\u00ed - klub irsk\u00fdch tanc\u016f","og_description":"Velikono\u010dn\u00ed Bratislava O v\u00edkendu 1. a 2. 4. jsme se z\u00fa\u010dastnili Bratislavsk\u00e9ho velikono\u010dn\u00edho feise. Je to obl\u00edben\u00fd feis mezi tane\u010dn\u00edky RIDA hlavn\u011b d\u00edky sv\u00e9 poloze. Je to po Praze asi nejbli\u017e\u0161\u00ed sout\u011b\u017e, a tak jsme i na t\u00e9to sout\u011b\u017ei m\u011bli zastoupen\u00ed. A dom\u016f jsme si odvezli opravdu hodn\u011b trofej\u00ed. Z\u00a0d\u011bt\u00ed bychom r\u00e1di pogratulovali Eli\u0161ce Sk\u00e1lov\u00e9 [&hellip;]","og_url":"https:\/\/www.rinceoiri.cz\/en\/aktuality\/velikonocni-bratislava\/","og_site_name":"Rinceoir\u00ed - klub irsk\u00fdch tanc\u016f","article_publisher":"https:\/\/www.facebook.com\/rinceoiri\/","article_published_time":"2017-04-03T12:36:51+00:00","article_modified_time":"2020-05-30T17:07:07+00:00","og_image":[{"url":"http:\/\/www.rinceoiri.cz\/rida\/wp-content\/uploads\/2017\/04\/17637076_10155216434481800_2554810429005946623_o-150x150.jpg"}],"author":"admin","twitter_card":"summary_large_image","twitter_misc":{"Written by":"admin","Estimated reading time":"1 minute"},"schema":{"@context":"https:\/\/schema.org","@graph":[{"@type":"Article","@id":"https:\/\/www.rinceoiri.cz\/aktuality\/velikonocni-bratislava\/#article","isPartOf":{"@id":"https:\/\/www.rinceoiri.cz\/aktuality\/velikonocni-bratislava\/"},"author":{"name":"admin","@id":"https:\/\/www.rinceoiri.cz\/#\/schema\/person\/0bc32ce63766655bbfc923f9e237dde4"},"headline":"Velikono\u010dn\u00ed Bratislava","datePublished":"2017-04-03T12:36:51+00:00","dateModified":"2020-05-30T17:07:07+00:00","mainEntityOfPage":{"@id":"https:\/\/www.rinceoiri.cz\/aktuality\/velikonocni-bratislava\/"},"wordCount":229,"commentCount":0,"publisher":{"@id":"https:\/\/www.rinceoiri.cz\/#organization"},"articleSection":["Aktuality","Neza\u0159azen\u00e9"],"inLanguage":"en-GB","potentialAction":[{"@type":"CommentAction","name":"Comment","target":["https:\/\/www.rinceoiri.cz\/aktuality\/velikonocni-bratislava\/#respond"]}]},{"@type":"WebPage","@id":"https:\/\/www.rinceoiri.cz\/aktuality\/velikonocni-bratislava\/","url":"https:\/\/www.rinceoiri.cz\/aktuality\/velikonocni-bratislava\/","name":"Velikono\u010dn\u00ed Bratislava - Rinceoir\u00ed - klub irsk\u00fdch tanc\u016f","isPartOf":{"@id":"https:\/\/www.rinceoiri.cz\/#website"},"datePublished":"2017-04-03T12:36:51+00:00","dateModified":"2020-05-30T17:07:07+00:00","breadcrumb":{"@id":"https:\/\/www.rinceoiri.cz\/aktuality\/velikonocni-bratislava\/#breadcrumb"},"inLanguage":"en-GB","potentialAction":[{"@type":"ReadAction","target":["https:\/\/www.rinceoiri.cz\/aktuality\/velikonocni-bratislava\/"]}]},{"@type":"BreadcrumbList","@id":"https:\/\/www.rinceoiri.cz\/aktuality\/velikonocni-bratislava\/#breadcrumb","itemListElement":[{"@type":"ListItem","position":1,"name":"Dom\u016f","item":"https:\/\/www.rinceoiri.cz\/"},{"@type":"ListItem","position":2,"name":"Velikono\u010dn\u00ed Bratislava"}]},{"@type":"WebSite","@id":"https:\/\/www.rinceoiri.cz\/#website","url":"https:\/\/www.rinceoiri.cz\/","name":"Rinceoir\u00ed - klub irsk\u00fdch tanc\u016f","description":"V\u00fduka irsk\u00fdch tanc\u016f, irsk\u00e9 tance - nab\u00eddka vystoupen\u00ed","publisher":{"@id":"https:\/\/www.rinceoiri.cz\/#organization"},"potentialAction":[{"@type":"SearchAction","target":{"@type":"EntryPoint","urlTemplate":"https:\/\/www.rinceoiri.cz\/?s={search_term_string}"},"query-input":"required name=search_term_string"}],"inLanguage":"en-GB"},{"@type":"Organization","@id":"https:\/\/www.rinceoiri.cz\/#organization","name":"Rinceoir\u00ed","url":"https:\/\/www.rinceoiri.cz\/","sameAs":["https:\/\/www.instagram.com\/rinceoiri\/","https:\/\/www.youtube.com\/channel\/UCtSffFpv2_EKMMuwlOJynnA","https:\/\/www.facebook.com\/rinceoiri\/"],"logo":{"@type":"ImageObject","inLanguage":"en-GB","@id":"https:\/\/www.rinceoiri.cz\/#\/schema\/logo\/image\/","url":"https:\/\/www.rinceoiri.cz\/wp-content\/uploads\/2020\/06\/Logo-Rince-bez-pozadi_cerne-e1591875742917.png","contentUrl":"https:\/\/www.rinceoiri.cz\/wp-content\/uploads\/2020\/06\/Logo-Rince-bez-pozadi_cerne-e1591875742917.png","width":400,"height":87,"caption":"Rinceoir\u00ed"},"image":{"@id":"https:\/\/www.rinceoiri.cz\/#\/schema\/logo\/image\/"}},{"@type":"Person","@id":"https:\/\/www.rinceoiri.cz\/#\/schema\/person\/0bc32ce63766655bbfc923f9e237dde4","name":"admin","image":{"@type":"ImageObject","inLanguage":"en-GB","@id":"https:\/\/www.rinceoiri.cz\/#\/schema\/person\/image\/","url":"https:\/\/secure.gravatar.com\/avatar\/0d0f6a8b78a849f1d5e9a3d4e07f0478?s=96&d=mm&r=g","contentUrl":"https:\/\/secure.gravatar.com\/avatar\/0d0f6a8b78a849f1d5e9a3d4e07f0478?s=96&d=mm&r=g","caption":"admin"}}]}},"_links":{"self":[{"href":"https:\/\/www.rinceoiri.cz\/en\/wp-json\/wp\/v2\/posts\/696"}],"collection":[{"href":"https:\/\/www.rinceoiri.cz\/en\/wp-json\/wp\/v2\/posts"}],"about":[{"href":"https:\/\/www.rinceoiri.cz\/en\/wp-json\/wp\/v2\/types\/post"}],"author":[{"embeddable":true,"href":"https:\/\/www.rinceoiri.cz\/en\/wp-json\/wp\/v2\/users\/1"}],"replies":[{"embeddable":true,"href":"https:\/\/www.rinceoiri.cz\/en\/wp-json\/wp\/v2\/comments?post=696"}],"version-history":[{"count":1,"href":"https:\/\/www.rinceoiri.cz\/en\/wp-json\/wp\/v2\/posts\/696\/revisions"}],"predecessor-version":[{"id":1054,"href":"https:\/\/www.rinceoiri.cz\/en\/wp-json\/wp\/v2\/posts\/696\/revisions\/1054"}],"wp:attachment":[{"href":"https:\/\/www.rinceoiri.cz\/en\/wp-json\/wp\/v2\/media?parent=696"}],"wp:term":[{"taxonomy":"category","embeddable":true,"href":"https:\/\/www.rinceoiri.cz\/en\/wp-json\/wp\/v2\/categories?post=696"},{"taxonomy":"post_tag","embeddable":true,"href":"https:\/\/www.rinceoiri.cz\/en\/wp-json\/wp\/v2\/tags?post=696"}],"curies":[{"name":"wp","href":"https:\/\/api.w.org\/{rel}","templated":true}]}}